{"id":651,"date":"2014-07-30T15:09:31","date_gmt":"2014-07-30T15:09:31","guid":{"rendered":"https:\/\/www.cig.gov.pt\/siic\/?p=651"},"modified":"2014-11-06T15:10:16","modified_gmt":"2014-11-06T15:10:16","slug":"video-e-guia-de-sensibilizacao-contra-o-trafico-de-seres-humanos","status":"publish","type":"post","link":"https:\/\/www.cig.gov.pt\/siic\/2014\/07\/video-e-guia-de-sensibilizacao-contra-o-trafico-de-seres-humanos\/","title":{"rendered":"V\u00eddeo e \u00abGuia de sensibiliza\u00e7\u00e3o contra o Tr\u00e1fico de Seres Humanos\u00bb"},"content":{"rendered":"<p><img loading=\"lazy\" class=\"aligncenter size-full wp-image-653\" src=\"https:\/\/www.cig.gov.pt\/siic\/wp-content\/uploads\/2014\/11\/image001-5.jpg\" alt=\"V\u00eddeo e \u00abGuia de sensibiliza\u00e7\u00e3o contra o Tr\u00e1fico de Seres Humanos\u00bb\" width=\"338\" height=\"199\" srcset=\"https:\/\/www.cig.gov.pt\/siic\/wp-content\/uploads\/2014\/11\/image001-5.jpg 338w, https:\/\/www.cig.gov.pt\/siic\/wp-content\/uploads\/2014\/11\/image001-5-300x176.jpg 300w\" sizes=\"(max-width: 338px) 100vw, 338px\" \/><\/p>\n<p>O projeto (Anti)Corpos \u00e9 uma iniciativa de sensibiliza\u00e7\u00e3o e interven\u00e7\u00e3o contra o Tr\u00e1fico de Seres Humanos, promovida pela Delega\u00e7\u00e3o de Braga da Cruz Vermelha Portuguesa. Centra-se no tr\u00e1fico para fins de explora\u00e7\u00e3o laboral e sexual, focando a sua interven\u00e7\u00e3o em \u00e1reas estrat\u00e9gicas \u2013 conhecer, sensibilizar e prevenir; educar e formar; proteger e assistir.<\/p>\n<p>Neste \u00e2mbito, foi produzido um v\u00eddeo e um <a href=\"http:\/\/issuu.com\/anticorpos\/docs\/anticorpos-_contra_o_tr__fico_de_se\/0\" target=\"_blank\">Guia de sensibiliza\u00e7\u00e3o contra o Tr\u00e1fico de Seres Humanos<\/a>, que propomos que consulte.<\/p>\n<p><iframe loading=\"lazy\" width=\"500\" height=\"281\" src=\"http:\/\/www.youtube.com\/embed\/X-gbdN3qI4I?feature=oembed\" frameborder=\"0\" allowfullscreen><\/iframe><\/p>\n<p><a href=\"http:\/\/anticorpos.moonfruit.com\/o-projeto\/4583231150\" target=\"_blank\">Veja mais \u00bb<\/a><\/p>\n","protected":false},"excerpt":{"rendered":"<p>O projeto (Anti)Corpos \u00e9 uma iniciativa de sensibiliza\u00e7\u00e3o e interven\u00e7\u00e3o contra o Tr\u00e1fico de Seres Humanos, promovida pela Delega\u00e7\u00e3o de Braga da Cruz Vermelha Portuguesa. Centra-se no tr\u00e1fico para fins de explora\u00e7\u00e3o laboral e sexual, focando a sua interven\u00e7\u00e3o em \u00e1reas estrat\u00e9gicas \u2013 conhecer, sensibilizar e prevenir; educar e formar; proteger e assistir. Neste \u00e2mbito, [&hellip;]<\/p>\n","protected":false},"author":1,"featured_media":652,"comment_status":"closed","ping_status":"closed","sticky":false,"template":"","format":"standard","meta":{"_genesis_hide_title":false,"_genesis_hide_breadcrumbs":false,"_genesis_hide_singular_image":false,"_genesis_hide_footer_widgets":false,"_genesis_custom_body_class":"","_genesis_custom_post_class":"","_genesis_layout":""},"categories":[61,41],"tags":[],"_links":{"self":[{"href":"https:\/\/www.cig.gov.pt\/siic\/wp-json\/wp\/v2\/posts\/651"}],"collection":[{"href":"https:\/\/www.cig.gov.pt\/siic\/wp-json\/wp\/v2\/posts"}],"about":[{"href":"https:\/\/www.cig.gov.pt\/siic\/wp-json\/wp\/v2\/types\/post"}],"author":[{"embeddable":true,"href":"https:\/\/www.cig.gov.pt\/siic\/wp-json\/wp\/v2\/users\/1"}],"replies":[{"embeddable":true,"href":"https:\/\/www.cig.gov.pt\/siic\/wp-json\/wp\/v2\/comments?post=651"}],"version-history":[{"count":1,"href":"https:\/\/www.cig.gov.pt\/siic\/wp-json\/wp\/v2\/posts\/651\/revisions"}],"predecessor-version":[{"id":654,"href":"https:\/\/www.cig.gov.pt\/siic\/wp-json\/wp\/v2\/posts\/651\/revisions\/654"}],"wp:featuredmedia":[{"embeddable":true,"href":"https:\/\/www.cig.gov.pt\/siic\/wp-json\/wp\/v2\/media\/652"}],"wp:attachment":[{"href":"https:\/\/www.cig.gov.pt\/siic\/wp-json\/wp\/v2\/media?parent=651"}],"wp:term":[{"taxonomy":"category","embeddable":true,"href":"https:\/\/www.cig.gov.pt\/siic\/wp-json\/wp\/v2\/categories?post=651"},{"taxonomy":"post_tag","embeddable":true,"href":"https:\/\/www.cig.gov.pt\/siic\/wp-json\/wp\/v2\/tags?post=651"}],"curies":[{"name":"wp","href":"https:\/\/api.w.org\/{rel}","templated":true}]}}