{"id":518,"date":"2014-10-16T10:15:37","date_gmt":"2014-10-16T10:15:37","guid":{"rendered":"https:\/\/www.cig.gov.pt\/siic\/?p=518"},"modified":"2014-10-16T11:46:08","modified_gmt":"2014-10-16T11:46:08","slug":"noticias-90-coeducacao-percursos-e-desafios","status":"publish","type":"post","link":"https:\/\/www.cig.gov.pt\/siic\/2014\/10\/noticias-90-coeducacao-percursos-e-desafios\/","title":{"rendered":"Not\u00edcias 90 \u2013 Coeduca\u00e7\u00e3o: percursos e desafios"},"content":{"rendered":"<p><img loading=\"lazy\" class=\"alignnone size-full wp-image-519\" src=\"https:\/\/www.cig.gov.pt\/siic\/wp-content\/uploads\/2014\/10\/coh.jpg\" alt=\"Not\u00edcias 90 \u2013 Coeduca\u00e7\u00e3o: percursos e desafios\" width=\"284\" height=\"357\" srcset=\"https:\/\/www.cig.gov.pt\/siic\/wp-content\/uploads\/2014\/10\/coh.jpg 284w, https:\/\/www.cig.gov.pt\/siic\/wp-content\/uploads\/2014\/10\/coh-238x300.jpg 238w\" sizes=\"(max-width: 284px) 100vw, 284px\" \/><\/p>\n<p><a title=\"Not\u00edcias 90 \u2013 Coeduca\u00e7\u00e3o: percursos e desafios\" href=\"http:\/\/cig.gov.pt\/pdf\/2014\/Noticias_90_Coeduc_percursos_e_desafios.pdf\" target=\"_blank\">Not\u00edcias 90 \u2013 Coeduca\u00e7\u00e3o: percursos e desafios<\/a><\/p>\n<p><a href=\"https:\/\/www.cig.gov.pt\/2014\/10\/noticias-90-coeducacao-percursos-e-desafios\/\" target=\"_blank\">Ver artigo \u00bb<\/a><\/p>\n<p>&nbsp;<\/p>\n<p>&nbsp;<\/p>\n<p>Listagem de confer\u00eancias, ac\u00e7\u00f5es de forma\u00e7\u00e3o, workshops e encontros realizados desde 1993 no \u00e2mbito da Igualdade de G\u00e9nero<\/p>\n<p>Texto: SIIC<\/p>\n<p><img loading=\"lazy\" class=\"alignnone size-full wp-image-91\" src=\"https:\/\/www.cig.gov.pt\/siic\/wp-content\/uploads\/2014\/05\/siic-conferenceP.jpg\" alt=\"siic-conferenceP\" width=\"150\" height=\"100\" \/><\/p>\n<p><a href=\"https:\/\/www.cig.gov.pt\/siic\/pdf\/2014\/siic-semin_conf_iguald_2011.pdf\" target=\"_blank\"><img loading=\"lazy\" class=\"alignnone size-full wp-image-80\" src=\"https:\/\/www.cig.gov.pt\/siic\/wp-content\/uploads\/2014\/05\/document_icon_sml.jpg\" alt=\"document_icon_sml\" width=\"30\" height=\"35\" \/><\/a><\/p>\n<p>Forma\u00e7\u00e3o e confer\u00eancias na \u00e1rea da Igualdade<br \/>\n[130 kB]<\/p>\n<p>&nbsp;<\/p>\n","protected":false},"excerpt":{"rendered":"<p>Not\u00edcias 90 \u2013 Coeduca\u00e7\u00e3o: percursos e desafios Ver artigo \u00bb &nbsp; &nbsp; Listagem de confer\u00eancias, ac\u00e7\u00f5es de forma\u00e7\u00e3o, workshops e encontros realizados desde 1993 no \u00e2mbito da Igualdade de G\u00e9nero Texto: SIIC Forma\u00e7\u00e3o e confer\u00eancias na \u00e1rea da Igualdade [130 kB] &nbsp;<\/p>\n","protected":false},"author":1,"featured_media":0,"comment_status":"closed","ping_status":"closed","sticky":false,"template":"","format":"standard","meta":{"_genesis_hide_title":false,"_genesis_hide_breadcrumbs":false,"_genesis_hide_singular_image":false,"_genesis_hide_footer_widgets":false,"_genesis_custom_body_class":"","_genesis_custom_post_class":"","_genesis_layout":""},"categories":[61,5,12],"tags":[],"_links":{"self":[{"href":"https:\/\/www.cig.gov.pt\/siic\/wp-json\/wp\/v2\/posts\/518"}],"collection":[{"href":"https:\/\/www.cig.gov.pt\/siic\/wp-json\/wp\/v2\/posts"}],"about":[{"href":"https:\/\/www.cig.gov.pt\/siic\/wp-json\/wp\/v2\/types\/post"}],"author":[{"embeddable":true,"href":"https:\/\/www.cig.gov.pt\/siic\/wp-json\/wp\/v2\/users\/1"}],"replies":[{"embeddable":true,"href":"https:\/\/www.cig.gov.pt\/siic\/wp-json\/wp\/v2\/comments?post=518"}],"version-history":[{"count":1,"href":"https:\/\/www.cig.gov.pt\/siic\/wp-json\/wp\/v2\/posts\/518\/revisions"}],"predecessor-version":[{"id":520,"href":"https:\/\/www.cig.gov.pt\/siic\/wp-json\/wp\/v2\/posts\/518\/revisions\/520"}],"wp:attachment":[{"href":"https:\/\/www.cig.gov.pt\/siic\/wp-json\/wp\/v2\/media?parent=518"}],"wp:term":[{"taxonomy":"category","embeddable":true,"href":"https:\/\/www.cig.gov.pt\/siic\/wp-json\/wp\/v2\/categories?post=518"},{"taxonomy":"post_tag","embeddable":true,"href":"https:\/\/www.cig.gov.pt\/siic\/wp-json\/wp\/v2\/tags?post=518"}],"curies":[{"name":"wp","href":"https:\/\/api.w.org\/{rel}","templated":true}]}}