{"id":504,"date":"2011-11-11T15:29:20","date_gmt":"2011-11-11T15:29:20","guid":{"rendered":"https:\/\/www.cig.gov.pt\/siic\/?p=504"},"modified":"2015-01-08T12:31:22","modified_gmt":"2015-01-08T12:31:22","slug":"indicadores-violencia-domestica-e-de-genero","status":"publish","type":"post","link":"https:\/\/www.cig.gov.pt\/siic\/2011\/11\/indicadores-violencia-domestica-e-de-genero\/","title":{"rendered":"Indicadores &#8211; Viol\u00eancia Dom\u00e9stica e de G\u00e9nero"},"content":{"rendered":"<p><img loading=\"lazy\" class=\"alignnone size-full wp-image-302\" style=\"border: 1px solid black;\" src=\"https:\/\/www.cig.gov.pt\/siic\/wp-content\/uploads\/2014\/05\/guiarecursos.png\" alt=\"Indicadores - Viol\u00eancia Dom\u00e9stica e de G\u00e9nero\" width=\"148\" height=\"205\" \/><\/p>\n<p><em>Texto: SIIC, levantamento efetuado com dados dispon\u00edveis at\u00e9 2011.<\/em><\/p>\n<p><strong>Informa\u00e7\u00e3o de refer\u00eancia<\/strong><\/p>\n<ul>\n<li><a href=\"https:\/\/www.cig.gov.pt\/siic\/pdf\/2014\/siic-prevalencia_tipo.pdf\" target=\"_blank\">Preval\u00eancia da viol\u00eancia por tipo e por sexo<\/a><\/li>\n<li>Tipos de actos mais frequentes por sexo\n<ul>\n<li><a href=\"https:\/\/www.cig.gov.pt\/siic\/pdf\/2014\/siic-viol_fisica.pdf\" target=\"_blank\">Viol\u00eancia f\u00edsica<\/a><\/li>\n<li><a href=\"https:\/\/www.cig.gov.pt\/siic\/pdf\/2014\/siic-viol_psicologica.pdf\" target=\"_blank\">Viol\u00eancia psicol\u00f3gica<\/a><\/li>\n<li><a href=\"https:\/\/www.cig.gov.pt\/siic\/pdf\/2014\/siic-viol_sexual.pdf\" target=\"_blank\">Viol\u00eancia sexual<\/a><\/li>\n<li><a href=\"https:\/\/www.cig.gov.pt\/siic\/pdf\/2014\/siic-disc_sociocultural.pdf\" target=\"_blank\">Discrimina\u00e7\u00e3o sociocultural<\/a><\/li>\n<\/ul>\n<\/li>\n<li><a href=\"https:\/\/www.cig.gov.pt\/siic\/pdf\/2014\/siic-reaccao.pdf\" target=\"_blank\">Reac\u00e7\u00e3o das v\u00edtimas por sexo<\/a><\/li>\n<li><a href=\"https:\/\/www.cig.gov.pt\/siic\/pdf\/2014\/siic-prevalencia_2007.pdf\" target=\"_blank\">Preval\u00eancia da viol\u00eancia dom\u00e9stica contra as mulheres e os homens de acordo com a legisla\u00e7\u00e3o vigente em 2007<\/a><\/li>\n<li><a href=\"https:\/\/www.cig.gov.pt\/siic\/pdf\/2014\/siic-autoria.pdf\" target=\"_blank\">Autoria por sexo da viol\u00eancia contra as mulheres e os homens<\/a><\/li>\n<li><a href=\"https:\/\/www.cig.gov.pt\/siic\/pdf\/2014\/siic-custos_interpessoais.pdf\" target=\"_blank\">Custos interpessoais, profissionais e educacionais resultantes da viol\u00eancia exercida contra as mulheres (compara\u00e7\u00e3o de v\u00edtimas e n\u00e3o v\u00edtimas)<\/a><\/li>\n<li><a href=\"https:\/\/www.cig.gov.pt\/siic\/pdf\/2014\/siic-custos_fisicos.pdf\" target=\"_blank\">Custos com a sa\u00fade f\u00edsica resultantes da viol\u00eancia exercida contra as mulheres (compara\u00e7\u00e3o de v\u00edtimas e n\u00e3o v\u00edtimas)<\/a><\/li>\n<li><a href=\"https:\/\/www.cig.gov.pt\/siic\/pdf\/2014\/siic-custos_psicologicos.pdf\" target=\"_blank\">Custos com a sa\u00fade psicol\u00f3gica resultantes da viol\u00eancia exercida contra as mulheres (compara\u00e7\u00e3o de v\u00edtimas e n\u00e3o v\u00edtimas)<\/a><\/li>\n<li><a href=\"https:\/\/www.cig.gov.pt\/siic\/pdf\/2014\/siic-outros_custos_psicologicos.pdf\" target=\"_blank\">Outras consequ\u00eancias ao n\u00edvel da sa\u00fade psicol\u00f3gica resultantes da viol\u00eancia exercida contra as mulheres (compara\u00e7\u00e3o de v\u00edtimas e n\u00e3o v\u00edtimas)<\/a><\/li>\n<li><a href=\"https:\/\/www.cig.gov.pt\/siic\/pdf\/2014\/siic-custos_ecnomicos.pdf\" target=\"_blank\">Custos econ\u00f3micos da viol\u00eancia dom\u00e9stica contra as mulheres<\/a><\/li>\n<li><a href=\"https:\/\/www.cig.gov.pt\/siic\/pdf\/2014\/siic-trajectoria.pdf\" target=\"_blank\">Preval\u00eancia da vitima\u00e7\u00e3o de mulheres segundo a exist\u00eancia de traject\u00f3rias de viol\u00eancia<\/a><\/li>\n<\/ul>\n<p><strong>Participa\u00e7\u00f5es \u00e0s pol\u00edcias<\/strong><\/p>\n<ul>\n<li><a href=\"https:\/\/www.cig.gov.pt\/siic\/pdf\/2014\/siic-ocorrencias.pdf\" target=\"_blank\">Ocorr\u00eancias de viol\u00eancia dom\u00e9stica registadas pelas for\u00e7as de seguran\u00e7a (dados semestrais)<\/a><\/li>\n<li><a href=\"https:\/\/www.cig.gov.pt\/siic\/pdf\/2014\/siic-ocorrencias_anual.pdf\" target=\"_blank\">Ocorr\u00eancias de viol\u00eancia dom\u00e9stica registadas pelas for\u00e7as de seguran\u00e7a (dados anuais)<\/a><\/li>\n<li><a href=\"https:\/\/www.cig.gov.pt\/siic\/pdf\/2014\/siic-local.pdf\" target=\"_blank\">Local de ocorr\u00eancia dos actos participados<\/a><\/li>\n<li><a href=\"https:\/\/www.cig.gov.pt\/siic\/pdf\/2014\/siic-menores.pdf\" target=\"_blank\">Presen\u00e7a de menores durante os actos participados<\/a><\/li>\n<li><a href=\"https:\/\/www.cig.gov.pt\/siic\/pdf\/2014\/siic-tipo_violencia.pdf\" target=\"_blank\">Tipo de viol\u00eancia participada<\/a><\/li>\n<li><a href=\"https:\/\/www.cig.gov.pt\/siic\/pdf\/2014\/siic-vitimas.pdf\" target=\"_blank\">V\u00edtimas dos actos participados por sexo<\/a><\/li>\n<li><a href=\"https:\/\/www.cig.gov.pt\/siic\/pdf\/2014\/siic-idade_vitimas.pdf\" target=\"_blank\">Idade das v\u00edtimas dos actos participados<\/a><\/li>\n<li><a href=\"https:\/\/www.cig.gov.pt\/siic\/pdf\/2014\/siic-est_civil_vitimas.pdf\" target=\"_blank\">Estado civil das v\u00edtimas dos actos participados<\/a><\/li>\n<li><a href=\"https:\/\/www.cig.gov.pt\/siic\/pdf\/2014\/siic-habilit_vitimas.pdf\" target=\"_blank\">Habilita\u00e7\u00f5es das v\u00edtimas dos actos participados<\/a><\/li>\n<li><a href=\"https:\/\/www.cig.gov.pt\/siic\/pdf\/2014\/siic-sit_profissional_vitimas.pdf\" target=\"_blank\">Situa\u00e7\u00e3o profissional das v\u00edtimas dos actos participados<\/a><\/li>\n<li><a href=\"https:\/\/www.cig.gov.pt\/siic\/pdf\/2014\/siic-naturalidade_vitimas.pdf\" target=\"_blank\">Naturalidade das v\u00edtimas dos actos participados<\/a><\/li>\n<li><a href=\"https:\/\/www.cig.gov.pt\/siic\/pdf\/2014\/siic-denunciados.pdf\" target=\"_blank\">Denunciados\/as dos actos participados por sexo<\/a><\/li>\n<li><a href=\"https:\/\/www.cig.gov.pt\/siic\/pdf\/2014\/siic-idade_denunciados.pdf\" target=\"_blank\">Idade dos\/as denunciados\/as dos actos participados<\/a><\/li>\n<li><a href=\"https:\/\/www.cig.gov.pt\/siic\/pdf\/2014\/siic-relacao_vitima_denunciado.pdf\" target=\"_blank\">Rela\u00e7\u00e3o entre a v\u00edtima e o\/a denunciado\/a dos actos participados<\/a><\/li>\n<\/ul>\n","protected":false},"excerpt":{"rendered":"<p>Texto: SIIC, levantamento efetuado com dados dispon\u00edveis at\u00e9 2011. Informa\u00e7\u00e3o de refer\u00eancia Preval\u00eancia da viol\u00eancia por tipo e por sexo Tipos de actos mais frequentes por sexo Viol\u00eancia f\u00edsica Viol\u00eancia psicol\u00f3gica Viol\u00eancia sexual Discrimina\u00e7\u00e3o sociocultural Reac\u00e7\u00e3o das v\u00edtimas por sexo Preval\u00eancia da viol\u00eancia dom\u00e9stica contra as mulheres e os homens de acordo com a legisla\u00e7\u00e3o [&hellip;]<\/p>\n","protected":false},"author":1,"featured_media":302,"comment_status":"closed","ping_status":"closed","sticky":false,"template":"","format":"standard","meta":{"_genesis_hide_title":false,"_genesis_hide_breadcrumbs":false,"_genesis_hide_singular_image":false,"_genesis_hide_footer_widgets":false,"_genesis_custom_body_class":"","_genesis_custom_post_class":"","_genesis_layout":""},"categories":[34,73,13],"tags":[29],"_links":{"self":[{"href":"https:\/\/www.cig.gov.pt\/siic\/wp-json\/wp\/v2\/posts\/504"}],"collection":[{"href":"https:\/\/www.cig.gov.pt\/siic\/wp-json\/wp\/v2\/posts"}],"about":[{"href":"https:\/\/www.cig.gov.pt\/siic\/wp-json\/wp\/v2\/types\/post"}],"author":[{"embeddable":true,"href":"https:\/\/www.cig.gov.pt\/siic\/wp-json\/wp\/v2\/users\/1"}],"replies":[{"embeddable":true,"href":"https:\/\/www.cig.gov.pt\/siic\/wp-json\/wp\/v2\/comments?post=504"}],"version-history":[{"count":6,"href":"https:\/\/www.cig.gov.pt\/siic\/wp-json\/wp\/v2\/posts\/504\/revisions"}],"predecessor-version":[{"id":756,"href":"https:\/\/www.cig.gov.pt\/siic\/wp-json\/wp\/v2\/posts\/504\/revisions\/756"}],"wp:featuredmedia":[{"embeddable":true,"href":"https:\/\/www.cig.gov.pt\/siic\/wp-json\/wp\/v2\/media\/302"}],"wp:attachment":[{"href":"https:\/\/www.cig.gov.pt\/siic\/wp-json\/wp\/v2\/media?parent=504"}],"wp:term":[{"taxonomy":"category","embeddable":true,"href":"https:\/\/www.cig.gov.pt\/siic\/wp-json\/wp\/v2\/categories?post=504"},{"taxonomy":"post_tag","embeddable":true,"href":"https:\/\/www.cig.gov.pt\/siic\/wp-json\/wp\/v2\/tags?post=504"}],"curies":[{"name":"wp","href":"https:\/\/api.w.org\/{rel}","templated":true}]}}