{"id":498,"date":"2011-11-11T15:01:33","date_gmt":"2011-11-11T15:01:33","guid":{"rendered":"https:\/\/www.cig.gov.pt\/siic\/?p=498"},"modified":"2015-01-15T14:16:05","modified_gmt":"2015-01-15T14:16:05","slug":"indicadores-conciliacao-entre-vida-profissional-pessoal-e-familiar","status":"publish","type":"post","link":"https:\/\/www.cig.gov.pt\/siic\/2011\/11\/indicadores-conciliacao-entre-vida-profissional-pessoal-e-familiar\/","title":{"rendered":"Indicadores &#8211; Concilia\u00e7\u00e3o entre Vida Profissional, Pessoal e Familiar"},"content":{"rendered":"<p><img loading=\"lazy\" class=\"alignnone size-full wp-image-499\" style=\"border: 1px solid black;\" src=\"https:\/\/www.cig.gov.pt\/siic\/wp-content\/uploads\/2014\/06\/indicadores_concilia.png\" alt=\"Indicadores - Concilia\u00e7\u00e3o entre Vida Profissional, Pessoal e Familiar\" width=\"150\" height=\"105\" \/><\/p>\n<p><em>Texto: SIIC, levantamento efetuado com dados dispon\u00edveis at\u00e9 2010.<\/em><\/p>\n<ul>\n<li><a href=\"https:\/\/www.cig.gov.pt\/siic\/pdf\/2014\/siic-dur_formas_trabalho.pdf\" target=\"_blank\">Dura\u00e7\u00e3o m\u00e9dia das diferentes formas de trabalho<\/a><\/li>\n<li><a href=\"https:\/\/www.cig.gov.pt\/siic\/pdf\/2014\/siic-dur_tarefas.pdf\" target=\"_blank\">Dura\u00e7\u00e3o m\u00e9dia dos trabalhos remunerados e n\u00e3o remunerados por tarefa, por sexo<\/a><\/li>\n<li><a href=\"https:\/\/www.cig.gov.pt\/siic\/pdf\/2014\/siic-tempo_deslocacao.pdf\" target=\"_blank\">Tempo de desloca\u00e7\u00e3o casa-trabalho ou escola, por sexo<\/a><\/li>\n<li><a href=\"https:\/\/www.cig.gov.pt\/siic\/pdf\/2014\/siic-uso_lic_parentais_00_08.pdf\" target=\"_blank\">Evolu\u00e7\u00e3o no uso das licen\u00e7as parentais, 2000-2008<\/a><\/li>\n<li><a href=\"https:\/\/www.cig.gov.pt\/siic\/pdf\/2014\/siic-uso_lic_parentais_09_10.pdf\" target=\"_blank\">Evolu\u00e7\u00e3o no uso das licen\u00e7as parentais, 2009-2010<\/a><\/li>\n<li><a href=\"https:\/\/www.cig.gov.pt\/siic\/pdf\/2014\/siic-dur_lic_maternidade.pdf\" target=\"_blank\">Dura\u00e7\u00e3o da licen\u00e7a de maternidade<\/a><\/li>\n<li><a href=\"https:\/\/www.cig.gov.pt\/siic\/pdf\/2014\/siic-dur_lic_paternidade.pdf\" target=\"_blank\">Dura\u00e7\u00e3o da licen\u00e7a de paternidade<\/a><\/li>\n<li><a href=\"https:\/\/www.cig.gov.pt\/siic\/pdf\/2014\/siic-dur_lic_adopcao.pdf\" target=\"_blank\">Dura\u00e7\u00e3o da licen\u00e7a por adop\u00e7\u00e3o, por sexo<\/a><\/li>\n<li><a href=\"https:\/\/www.cig.gov.pt\/siic\/pdf\/2014\/siic-dur_lic_menores.pdf\" target=\"_blank\">Dura\u00e7\u00e3o da licen\u00e7a especial para assist\u00eancia a menores, por sexo<\/a><\/li>\n<li><a href=\"https:\/\/www.cig.gov.pt\/siic\/pdf\/2014\/siic-dur_lic_deficiencia.pdf\" target=\"_blank\">Dura\u00e7\u00e3o da licen\u00e7a para assist\u00eancia a filhos com defici\u00eancia ou doen\u00e7a cr\u00f3nica<\/a><\/li>\n<li><a href=\"https:\/\/www.cig.gov.pt\/siic\/pdf\/2014\/siic-horas_cuidar.pdf\" target=\"_blank\">M\u00e9dia semanal de horas despendidas em actividades de cuidar, por sexo<\/a><\/li>\n<li><a href=\"https:\/\/www.cig.gov.pt\/siic\/pdf\/2014\/siic-tx_emp_materno.pdf\" target=\"_blank\">Taxa de emprego materno comparado com a taxa de emprego global das mulheres<\/a><\/li>\n<li><a href=\"https:\/\/www.cig.gov.pt\/siic\/pdf\/2014\/siic-nao_trab_conciliacao.pdf\" target=\"_blank\">Mulheres que n\u00e3o trabalham devido a motivos de concilia\u00e7\u00e3o familiar<\/a><\/li>\n<li><a href=\"https:\/\/www.cig.gov.pt\/siic\/pdf\/2014\/siic-destino_deslocacao.pdf\" target=\"_blank\">Local de destino das desloca\u00e7\u00f5es casa trabalho ou casa escola, no Continente, por sexo<\/a><\/li>\n<li><a href=\"https:\/\/www.cig.gov.pt\/siic\/pdf\/2014\/siic-modos_deslocacao_1.pdf\" target=\"_blank\">Principal modo de desloca\u00e7\u00e3o casa-trabalho ou escola, por sexo<\/a><\/li>\n<li><a href=\"https:\/\/www.cig.gov.pt\/siic\/pdf\/2014\/siic-modos_deslocacao_2.pdf\" target=\"_blank\">Principal modo de desloca\u00e7\u00e3o casa-trabalho ou escola, por sexo (agrupado)<\/a><\/li>\n<\/ul>\n","protected":false},"excerpt":{"rendered":"<p>Texto: SIIC, levantamento efetuado com dados dispon\u00edveis at\u00e9 2010. Dura\u00e7\u00e3o m\u00e9dia das diferentes formas de trabalho Dura\u00e7\u00e3o m\u00e9dia dos trabalhos remunerados e n\u00e3o remunerados por tarefa, por sexo Tempo de desloca\u00e7\u00e3o casa-trabalho ou escola, por sexo Evolu\u00e7\u00e3o no uso das licen\u00e7as parentais, 2000-2008 Evolu\u00e7\u00e3o no uso das licen\u00e7as parentais, 2009-2010 Dura\u00e7\u00e3o da licen\u00e7a de maternidade [&hellip;]<\/p>\n","protected":false},"author":1,"featured_media":499,"comment_status":"closed","ping_status":"closed","sticky":false,"template":"","format":"standard","meta":{"_genesis_hide_title":false,"_genesis_hide_breadcrumbs":false,"_genesis_hide_singular_image":false,"_genesis_hide_footer_widgets":false,"_genesis_custom_body_class":"","_genesis_custom_post_class":"","_genesis_layout":""},"categories":[34,73,12],"tags":[29],"_links":{"self":[{"href":"https:\/\/www.cig.gov.pt\/siic\/wp-json\/wp\/v2\/posts\/498"}],"collection":[{"href":"https:\/\/www.cig.gov.pt\/siic\/wp-json\/wp\/v2\/posts"}],"about":[{"href":"https:\/\/www.cig.gov.pt\/siic\/wp-json\/wp\/v2\/types\/post"}],"author":[{"embeddable":true,"href":"https:\/\/www.cig.gov.pt\/siic\/wp-json\/wp\/v2\/users\/1"}],"replies":[{"embeddable":true,"href":"https:\/\/www.cig.gov.pt\/siic\/wp-json\/wp\/v2\/comments?post=498"}],"version-history":[{"count":2,"href":"https:\/\/www.cig.gov.pt\/siic\/wp-json\/wp\/v2\/posts\/498\/revisions"}],"predecessor-version":[{"id":758,"href":"https:\/\/www.cig.gov.pt\/siic\/wp-json\/wp\/v2\/posts\/498\/revisions\/758"}],"wp:featuredmedia":[{"embeddable":true,"href":"https:\/\/www.cig.gov.pt\/siic\/wp-json\/wp\/v2\/media\/499"}],"wp:attachment":[{"href":"https:\/\/www.cig.gov.pt\/siic\/wp-json\/wp\/v2\/media?parent=498"}],"wp:term":[{"taxonomy":"category","embeddable":true,"href":"https:\/\/www.cig.gov.pt\/siic\/wp-json\/wp\/v2\/categories?post=498"},{"taxonomy":"post_tag","embeddable":true,"href":"https:\/\/www.cig.gov.pt\/siic\/wp-json\/wp\/v2\/tags?post=498"}],"curies":[{"name":"wp","href":"https:\/\/api.w.org\/{rel}","templated":true}]}}