{"id":495,"date":"2011-11-11T14:40:43","date_gmt":"2011-11-11T14:40:43","guid":{"rendered":"https:\/\/www.cig.gov.pt\/siic\/?p=495"},"modified":"2015-01-15T14:16:21","modified_gmt":"2015-01-15T14:16:21","slug":"indicadores-inclusao-e-desenvolvimento-social","status":"publish","type":"post","link":"https:\/\/www.cig.gov.pt\/siic\/2011\/11\/indicadores-inclusao-e-desenvolvimento-social\/","title":{"rendered":"Indicadores &#8211; Inclus\u00e3o e Desenvolvimento Social"},"content":{"rendered":"<p><img loading=\"lazy\" class=\"alignnone size-full wp-image-496\" style=\"border: 1px solid black;\" src=\"https:\/\/www.cig.gov.pt\/siic\/wp-content\/uploads\/2014\/06\/indicadores_inclusao.png\" alt=\"Indicadores - Inclus\u00e3o e Desenvolvimento Social\" width=\"150\" height=\"102\" \/><\/p>\n<p><em>Texto: SIIC, levantamento efetuado com dados dispon\u00edveis at\u00e9 2010.<\/em><\/p>\n<ul>\n<li><a href=\"https:\/\/www.cig.gov.pt\/siic\/pdf\/2014\/siic-benef_RMG_RSI.pdf\" target=\"_blank\">Benefici\u00e1rios do Rendimento M\u00ednimo Garantido e Rendimento Social de Inser\u00e7\u00e3o da Seguran\u00e7a Social, por sexo<\/a><\/li>\n<li><a href=\"https:\/\/www.cig.gov.pt\/siic\/pdf\/2014\/siic-benef_subs_desemprego.pdf\" target=\"_blank\">Benefici\u00e1rios do subs\u00eddio de desemprego da Seguran\u00e7a Social, por sexo<\/a><\/li>\n<li><a href=\"https:\/\/www.cig.gov.pt\/siic\/pdf\/2014\/siic-benef_subs_soc_desemprego.pdf\" target=\"_blank\">Benefici\u00e1rios do subs\u00eddio social de desemprego da Seguran\u00e7a Social, por sexo<\/a><\/li>\n<li><a href=\"https:\/\/www.cig.gov.pt\/siic\/pdf\/2014\/siic-pobreza_antes.pdf\" target=\"_blank\">Taxa de risco de pobreza,antes de qualquer transfer\u00eancia social, por sexo<\/a><\/li>\n<li><a href=\"https:\/\/www.cig.gov.pt\/siic\/pdf\/2014\/siic-pobreza_apos.pdf\" target=\"_blank\">Taxa de risco de pobreza, ap\u00f3s transfer\u00eancias relativas a pens\u00f5es, por sexo<\/a><\/li>\n<\/ul>\n","protected":false},"excerpt":{"rendered":"<p>Texto: SIIC, levantamento efetuado com dados dispon\u00edveis at\u00e9 2010. Benefici\u00e1rios do Rendimento M\u00ednimo Garantido e Rendimento Social de Inser\u00e7\u00e3o da Seguran\u00e7a Social, por sexo Benefici\u00e1rios do subs\u00eddio de desemprego da Seguran\u00e7a Social, por sexo Benefici\u00e1rios do subs\u00eddio social de desemprego da Seguran\u00e7a Social, por sexo Taxa de risco de pobreza,antes de qualquer transfer\u00eancia social, por [&hellip;]<\/p>\n","protected":false},"author":1,"featured_media":496,"comment_status":"closed","ping_status":"closed","sticky":false,"template":"","format":"standard","meta":{"_genesis_hide_title":false,"_genesis_hide_breadcrumbs":false,"_genesis_hide_singular_image":false,"_genesis_hide_footer_widgets":false,"_genesis_custom_body_class":"","_genesis_custom_post_class":"","_genesis_layout":""},"categories":[34,73,12],"tags":[29],"_links":{"self":[{"href":"https:\/\/www.cig.gov.pt\/siic\/wp-json\/wp\/v2\/posts\/495"}],"collection":[{"href":"https:\/\/www.cig.gov.pt\/siic\/wp-json\/wp\/v2\/posts"}],"about":[{"href":"https:\/\/www.cig.gov.pt\/siic\/wp-json\/wp\/v2\/types\/post"}],"author":[{"embeddable":true,"href":"https:\/\/www.cig.gov.pt\/siic\/wp-json\/wp\/v2\/users\/1"}],"replies":[{"embeddable":true,"href":"https:\/\/www.cig.gov.pt\/siic\/wp-json\/wp\/v2\/comments?post=495"}],"version-history":[{"count":2,"href":"https:\/\/www.cig.gov.pt\/siic\/wp-json\/wp\/v2\/posts\/495\/revisions"}],"predecessor-version":[{"id":759,"href":"https:\/\/www.cig.gov.pt\/siic\/wp-json\/wp\/v2\/posts\/495\/revisions\/759"}],"wp:featuredmedia":[{"embeddable":true,"href":"https:\/\/www.cig.gov.pt\/siic\/wp-json\/wp\/v2\/media\/496"}],"wp:attachment":[{"href":"https:\/\/www.cig.gov.pt\/siic\/wp-json\/wp\/v2\/media?parent=495"}],"wp:term":[{"taxonomy":"category","embeddable":true,"href":"https:\/\/www.cig.gov.pt\/siic\/wp-json\/wp\/v2\/categories?post=495"},{"taxonomy":"post_tag","embeddable":true,"href":"https:\/\/www.cig.gov.pt\/siic\/wp-json\/wp\/v2\/tags?post=495"}],"curies":[{"name":"wp","href":"https:\/\/api.w.org\/{rel}","templated":true}]}}