{"id":337,"date":"2012-12-21T16:56:13","date_gmt":"2012-12-21T16:56:13","guid":{"rendered":"https:\/\/www.cig.gov.pt\/siic\/?p=337"},"modified":"2015-01-08T12:30:41","modified_gmt":"2015-01-08T12:30:41","slug":"dados-trafico-de-seres-humanos","status":"publish","type":"post","link":"https:\/\/www.cig.gov.pt\/siic\/2012\/12\/dados-trafico-de-seres-humanos\/","title":{"rendered":"Dados &#8211; Tr\u00e1fico de Seres Humanos"},"content":{"rendered":"<p><img loading=\"lazy\" class=\"alignnone size-full wp-image-338\" style=\"border: 1px solid black;\" src=\"https:\/\/www.cig.gov.pt\/siic\/wp-content\/uploads\/2014\/05\/dadostrafico.png\" alt=\"Dados - Tr\u00e1fico de Seres Humanos\" width=\"149\" height=\"138\" \/><\/p>\n<p><em>Texto: SIIC, levantamento efetuado com dados dispon\u00edveis at\u00e9 setembro de 2010.<\/em><\/p>\n<ul>\n<li><a href=\"https:\/\/www.cig.gov.pt\/siic\/pdf\/2014\/siic-20110628_SIIC_TSH.pdf#page=7\" target=\"_blank\">N\u00ba de pa\u00edses europeus com o crime espec\u00edfico de tr\u00e1fico humano previsto na legisla\u00e7\u00e3o<\/a><\/li>\n<li><a href=\"https:\/\/www.cig.gov.pt\/siic\/pdf\/2014\/siic-20110628_SIIC_TSH.pdf#page=8\" target=\"_blank\">Tend\u00eancias das investiga\u00e7\u00f5es sobre tr\u00e1fico de seres humanos nos pa\u00edses europeus<\/a><\/li>\n<li><a href=\"https:\/\/www.cig.gov.pt\/siic\/pdf\/2014\/siic-20110628_SIIC_TSH.pdf#page=9\" target=\"_blank\">Distribui\u00e7\u00e3o entre v\u00edtimas de tr\u00e1fico humano estrangeiras e nacionais, Alemanha<\/a><\/li>\n<li><a href=\"https:\/\/www.cig.gov.pt\/siic\/pdf\/2014\/siic-20110628_SIIC_TSH.pdf#page=9\" target=\"_blank\">Distribui\u00e7\u00e3o entre v\u00edtimas de tr\u00e1fico humano estrangeiras e nacionais, Holanda<\/a><\/li>\n<li><a href=\"https:\/\/www.cig.gov.pt\/siic\/pdf\/2014\/siic-20110628_SIIC_TSH.pdf#page=11\" target=\"_blank\">N\u00famero de casos de tr\u00e1fico de seres humanos registados pela Eurojust<\/a><\/li>\n<li><a href=\"https:\/\/www.cig.gov.pt\/siic\/pdf\/2014\/siic-20110628_SIIC_TSH.pdf#page=17\" target=\"_blank\">Casos de tr\u00e1fico de seres humanos confirmados em Portugal<\/a><\/li>\n<li><a href=\"https:\/\/www.cig.gov.pt\/siic\/pdf\/2014\/siic-20110628_SIIC_TSH.pdf#page=17\" target=\"_blank\">Casos de tr\u00e1fico de seres humanos sinalizados em Portugal<\/a><\/li>\n<li><a href=\"https:\/\/www.cig.gov.pt\/siic\/pdf\/2014\/siic-20110628_SIIC_TSH.pdf#page=18\" target=\"_blank\">V\u00edtimas de tr\u00e1fico entre a popula\u00e7\u00e3o inquirida<\/a><\/li>\n<li><a href=\"https:\/\/www.cig.gov.pt\/siic\/pdf\/2014\/siic-20110628_SIIC_TSH.pdf#page=18\" target=\"_blank\">Lista de crimes contra as pessoas e a humanidade<\/a><\/li>\n<li><a href=\"https:\/\/www.cig.gov.pt\/siic\/pdf\/2014\/siic-20110628_SIIC_TSH.pdf#page=19\" target=\"_blank\">Crimes de Lenoc\u00ednio e Tr\u00e1fico Humano para fins de explora\u00e7\u00e3o sexual<\/a><\/li>\n<li><a href=\"https:\/\/www.cig.gov.pt\/siic\/pdf\/2014\/siic-20110628_SIIC_TSH.pdf#page=19\" target=\"_blank\">Crimes de tr\u00e1fico de pessoas segundo a Direc\u00e7\u00e3o Geral da Pol\u00edtica da Justi\u00e7a<\/a><\/li>\n<li><a href=\"https:\/\/www.cig.gov.pt\/siic\/pdf\/2014\/siic-20110628_SIIC_TSH.pdf#page=20\" target=\"_blank\">N\u00famero de v\u00edtimas sinalizadas em Portugal<\/a><\/li>\n<li><a href=\"https:\/\/www.cig.gov.pt\/siic\/pdf\/2014\/siic-20110628_SIIC_TSH.pdf#page=21\" target=\"_blank\">Tipos de explora\u00e7\u00e3o por v\u00edtimas sinalizadas e confirmadas<\/a><\/li>\n<li><a href=\"https:\/\/www.cig.gov.pt\/siic\/pdf\/2014\/siic-20110628_SIIC_TSH.pdf#page=21\" target=\"_blank\">Sexo das v\u00edtimas sinalizadas e confirmadas<\/a><\/li>\n<li><a href=\"https:\/\/www.cig.gov.pt\/siic\/pdf\/2014\/siic-20110628_SIIC_TSH.pdf#page=22\" target=\"_blank\">Faixas et\u00e1rias das v\u00edtimas sinalizadas<\/a><\/li>\n<li><a href=\"https:\/\/www.cig.gov.pt\/siic\/pdf\/2014\/siic-20110628_SIIC_TSH.pdf#page=22\" target=\"_blank\">Estado civil das v\u00edtimas sinalizadas<\/a><\/li>\n<li><a href=\"https:\/\/www.cig.gov.pt\/siic\/pdf\/2014\/siic-20110628_SIIC_TSH.pdf#page=23\" target=\"_blank\">Estado civil das v\u00edtimas confirmadas<\/a><\/li>\n<li><a href=\"https:\/\/www.cig.gov.pt\/siic\/pdf\/2014\/siic-20110628_SIIC_TSH.pdf#page=23\" target=\"_blank\">Nacionalidade das v\u00edtimas sinalizadas em 2009<\/a><\/li>\n<li><a href=\"https:\/\/www.cig.gov.pt\/siic\/pdf\/2014\/siic-20110628_SIIC_TSH.pdf#page=24\" target=\"_blank\">Nacionalidade das v\u00edtimas sinalizadas em 2008<\/a><\/li>\n<li><a href=\"https:\/\/www.cig.gov.pt\/siic\/pdf\/2014\/siic-20110628_SIIC_TSH.pdf#page=24\" target=\"_blank\">Nacionalidade das v\u00edtimas sinalizadas segundo o sexo<\/a><\/li>\n<li><a href=\"https:\/\/www.cig.gov.pt\/siic\/pdf\/2014\/siic-20110628_SIIC_TSH.pdf#page=25\" target=\"_blank\">Nacionalidades dos agressores sinalizados e confirmados<\/a><\/li>\n<li><a href=\"https:\/\/www.cig.gov.pt\/siic\/pdf\/2014\/siic-20110628_SIIC_TSH.pdf#page=26\" target=\"_blank\">Motivo de contacto dos agressores para v\u00edtimas sinalizadas<\/a><\/li>\n<li><a href=\"https:\/\/www.cig.gov.pt\/siic\/pdf\/2014\/siic-20110628_SIIC_TSH.pdf#page=26\" target=\"_blank\">Forma de contacto utilizada pelo agressor para v\u00edtimas sinalizadas e confirmadas<\/a><\/li>\n<li><a href=\"https:\/\/www.cig.gov.pt\/siic\/pdf\/2014\/siic-20110628_SIIC_TSH.pdf#page=27\" target=\"_blank\">Locais de explora\u00e7\u00e3o das v\u00edtimas sinalizadas e confirmadas<\/a><\/li>\n<li><a href=\"https:\/\/www.cig.gov.pt\/siic\/pdf\/2014\/siic-20110628_SIIC_TSH.pdf#page=28\" target=\"_blank\">Condena\u00e7\u00f5es e Processos-crime na fase de julgamento, findos nos tribunais judiciais de 1\u00aa inst\u00e2ncia<\/a><\/li>\n<li><a href=\"https:\/\/www.cig.gov.pt\/siic\/pdf\/2014\/siic-20110628_SIIC_TSH.pdf#page=28\" target=\"_blank\">Tipo de tr\u00e1fico humano a que os utentes do CAP foram sujeitos<\/a><\/li>\n<li><a href=\"https:\/\/www.cig.gov.pt\/siic\/pdf\/2014\/siic-20110628_SIIC_TSH.pdf#page=29\" target=\"_blank\">Utentes acolhidos no CAP, por idade<\/a><\/li>\n<li><a href=\"https:\/\/www.cig.gov.pt\/siic\/pdf\/2014\/siic-20110628_SIIC_TSH.pdf#page=29\" target=\"_blank\">Nacionalidade dos utentes acolhidos no CAP<\/a><\/li>\n<li><a href=\"https:\/\/www.cig.gov.pt\/siic\/pdf\/2014\/siic-20110628_SIIC_TSH.pdf#page=30\" target=\"_blank\">Nacionalidade das trabalhadoras sexuais<\/a><\/li>\n<li><a href=\"https:\/\/www.cig.gov.pt\/siic\/pdf\/2014\/siic-20110628_SIIC_TSH.pdf#page=30\" target=\"_blank\">Idade das trabalhadoras sexuais por faixas et\u00e1rias<\/a><\/li>\n<li><a href=\"https:\/\/www.cig.gov.pt\/siic\/pdf\/2014\/siic-20110628_SIIC_TSH.pdf#page=31\" target=\"_blank\">Idade das mulheres no inicio da actividade de prostitui\u00e7\u00e3o<\/a><\/li>\n<li><a href=\"https:\/\/www.cig.gov.pt\/siic\/pdf\/2014\/siic-20110628_SIIC_TSH.pdf#page=31\" target=\"_blank\">Grau de instru\u00e7\u00e3o dos pais das trabalhadoras sexuais<\/a><\/li>\n<li><a href=\"https:\/\/www.cig.gov.pt\/siic\/pdf\/2014\/siic-20110628_SIIC_TSH.pdf#page=32\" target=\"_blank\">Grau de instru\u00e7\u00e3o das trabalhadoras sexuais<\/a><\/li>\n<li><a href=\"https:\/\/www.cig.gov.pt\/siic\/pdf\/2014\/siic-20110628_SIIC_TSH.pdf#page=32\" target=\"_blank\">Grau de instru\u00e7\u00e3o escolar de trabalhadoras sexuais portuguesas e estrangeiras<\/a><\/li>\n<li><a href=\"https:\/\/www.cig.gov.pt\/siic\/pdf\/2014\/siic-20110628_SIIC_TSH.pdf#page=33\" target=\"_blank\">Primeira profiss\u00e3o das mulheres antes da entrada na prostitui\u00e7\u00e3o<\/a><\/li>\n<li><a href=\"https:\/\/www.cig.gov.pt\/siic\/pdf\/2014\/siic-20110628_SIIC_TSH.pdf#page=34\" target=\"_blank\">Estado civil das mulheres aquando do in\u00edcio da prostitui\u00e7\u00e3o<\/a><\/li>\n<li><a href=\"https:\/\/www.cig.gov.pt\/siic\/pdf\/2014\/siic-20110628_SIIC_TSH.pdf#page=34\" target=\"_blank\">Agregado familiar no in\u00edcio da actividade da prostitui\u00e7\u00e3o<\/a><\/li>\n<li><a href=\"https:\/\/www.cig.gov.pt\/siic\/pdf\/2014\/siic-20110628_SIIC_TSH.pdf#page=35\" target=\"_blank\">Redes que t\u00eam a seu cuidado os filhos das mulheres prostitutas<\/a><\/li>\n<li><a href=\"https:\/\/www.cig.gov.pt\/siic\/pdf\/2014\/siic-20110628_SIIC_TSH.pdf#page=35\" target=\"_blank\">Distribui\u00e7\u00e3o das idades dos filhos das trabalhadoras sexuais<\/a><\/li>\n<\/ul>\n","protected":false},"excerpt":{"rendered":"<p>Texto: SIIC, levantamento efetuado com dados dispon\u00edveis at\u00e9 setembro de 2010. N\u00ba de pa\u00edses europeus com o crime espec\u00edfico de tr\u00e1fico humano previsto na legisla\u00e7\u00e3o Tend\u00eancias das investiga\u00e7\u00f5es sobre tr\u00e1fico de seres humanos nos pa\u00edses europeus Distribui\u00e7\u00e3o entre v\u00edtimas de tr\u00e1fico humano estrangeiras e nacionais, Alemanha Distribui\u00e7\u00e3o entre v\u00edtimas de tr\u00e1fico humano estrangeiras e nacionais, [&hellip;]<\/p>\n","protected":false},"author":1,"featured_media":338,"comment_status":"closed","ping_status":"closed","sticky":false,"template":"","format":"standard","meta":{"_genesis_hide_title":false,"_genesis_hide_breadcrumbs":false,"_genesis_hide_singular_image":false,"_genesis_hide_footer_widgets":false,"_genesis_custom_body_class":"","_genesis_custom_post_class":"","_genesis_layout":""},"categories":[61,34,73,41],"tags":[74],"_links":{"self":[{"href":"https:\/\/www.cig.gov.pt\/siic\/wp-json\/wp\/v2\/posts\/337"}],"collection":[{"href":"https:\/\/www.cig.gov.pt\/siic\/wp-json\/wp\/v2\/posts"}],"about":[{"href":"https:\/\/www.cig.gov.pt\/siic\/wp-json\/wp\/v2\/types\/post"}],"author":[{"embeddable":true,"href":"https:\/\/www.cig.gov.pt\/siic\/wp-json\/wp\/v2\/users\/1"}],"replies":[{"embeddable":true,"href":"https:\/\/www.cig.gov.pt\/siic\/wp-json\/wp\/v2\/comments?post=337"}],"version-history":[{"count":3,"href":"https:\/\/www.cig.gov.pt\/siic\/wp-json\/wp\/v2\/posts\/337\/revisions"}],"predecessor-version":[{"id":737,"href":"https:\/\/www.cig.gov.pt\/siic\/wp-json\/wp\/v2\/posts\/337\/revisions\/737"}],"wp:featuredmedia":[{"embeddable":true,"href":"https:\/\/www.cig.gov.pt\/siic\/wp-json\/wp\/v2\/media\/338"}],"wp:attachment":[{"href":"https:\/\/www.cig.gov.pt\/siic\/wp-json\/wp\/v2\/media?parent=337"}],"wp:term":[{"taxonomy":"category","embeddable":true,"href":"https:\/\/www.cig.gov.pt\/siic\/wp-json\/wp\/v2\/categories?post=337"},{"taxonomy":"post_tag","embeddable":true,"href":"https:\/\/www.cig.gov.pt\/siic\/wp-json\/wp\/v2\/tags?post=337"}],"curies":[{"name":"wp","href":"https:\/\/api.w.org\/{rel}","templated":true}]}}