{"id":332,"date":"2012-12-21T15:20:43","date_gmt":"2012-12-21T15:20:43","guid":{"rendered":"https:\/\/www.cig.gov.pt\/siic\/?p=332"},"modified":"2015-01-08T14:53:29","modified_gmt":"2015-01-08T14:53:29","slug":"dados-violencia-contra-as-mulheres-domestica-e-de-genero","status":"publish","type":"post","link":"https:\/\/www.cig.gov.pt\/siic\/2012\/12\/dados-violencia-contra-as-mulheres-domestica-e-de-genero\/","title":{"rendered":"Dados &#8211; Viol\u00eancia contra as mulheres, dom\u00e9stica e de g\u00e9nero"},"content":{"rendered":"<p><img loading=\"lazy\" class=\"alignnone size-full wp-image-333\" style=\"border: 1px solid black;\" src=\"https:\/\/www.cig.gov.pt\/siic\/wp-content\/uploads\/2014\/05\/dadosviolencia.png\" alt=\"Dados - Viol\u00eancia contra as mulheres, dom\u00e9stica e de g\u00e9nero\" width=\"149\" height=\"129\" \/><\/p>\n<p><em>Texto: SIIC, levantamento efetuado com dados dispon\u00edveis at\u00e9 abril de 2010.<\/em><\/p>\n<p>&nbsp;<\/p>\n<ul>\n<li><a href=\"https:\/\/www.cig.gov.pt\/siic\/pdf\/2014\/siic-SIIC_TD_e_VD_Corrigido.pdf#page=38\" target=\"_blank\">Preval\u00eancia da viol\u00eancia exercida contra as mulheres (Portugal Continental)<\/a><\/li>\n<li><a href=\"https:\/\/www.cig.gov.pt\/siic\/pdf\/2014\/siic-SIIC_TD_e_VD_Corrigido.pdf#page=38\" target=\"_blank\">Preval\u00eancia da viol\u00eancia exercida contra as mulheres (R. A. A\u00e7ores)<\/a><\/li>\n<li><a href=\"https:\/\/www.cig.gov.pt\/siic\/pdf\/2014\/siic-SIIC_TD_e_VD_Corrigido.pdf#page=39\" target=\"_blank\">Viol\u00eancia contra as mulheres \u2013 compara\u00e7\u00e3o com o Continente (R. A. A\u00e7ores)<\/a><\/li>\n<li><a href=\"https:\/\/www.cig.gov.pt\/siic\/pdf\/2014\/siic-SIIC_TD_e_VD_Corrigido.pdf#page=44\" target=\"_blank\">Vitima\u00e7\u00e3o de mulheres no espa\u00e7o dom\u00e9stico<\/a><\/li>\n<li><a href=\"https:\/\/www.cig.gov.pt\/siic\/pdf\/2014\/siic-SIIC_TD_e_VD_Corrigido.pdf#page=45\" target=\"_blank\">Reac\u00e7\u00e3o aos actos por parte das mulheres v\u00edtimas<\/a><\/li>\n<li><a href=\"https:\/\/www.cig.gov.pt\/siic\/pdf\/2014\/siic-SIIC_TD_e_VD_Corrigido.pdf#page=41\" target=\"_blank\">Actos de viol\u00eancia f\u00edsica mais frequentes<\/a><\/li>\n<li><a href=\"https:\/\/www.cig.gov.pt\/siic\/pdf\/2014\/siic-SIIC_TD_e_VD_Corrigido.pdf#page=40\" target=\"_blank\">Actos de viol\u00eancia psicol\u00f3gica mais frequentes<\/a><\/li>\n<li><a href=\"https:\/\/www.cig.gov.pt\/siic\/pdf\/2014\/siic-SIIC_TD_e_VD_Corrigido.pdf#page=42\" target=\"_blank\">Actos de viol\u00eancia sexual mais frequentes<\/a><\/li>\n<li><a href=\"https:\/\/www.cig.gov.pt\/siic\/pdf\/2014\/siic-SIIC_TD_e_VD_Corrigido.pdf#page=43\" target=\"_blank\">Espa\u00e7os da viol\u00eancia contra as mulheres<\/a><\/li>\n<\/ul>\n<ul>\n<li><a href=\"https:\/\/www.cig.gov.pt\/siic\/pdf\/2014\/siic-SIIC_TD_e_VD_Corrigido.pdf#page=97\" target=\"_blank\">Custos interpessoais, profissionais e educacionais resultantes da viol\u00eancia exercida contra as mulheres (compara\u00e7\u00e3o de v\u00edtimas e n\u00e3o v\u00edtimas)<\/a><\/li>\n<\/ul>\n<ul>\n<li><a href=\"https:\/\/www.cig.gov.pt\/siic\/pdf\/2014\/siic-SIIC_TD_e_VD_Corrigido.pdf#page=97\" target=\"_blank\">Custos com a sa\u00fade f\u00edsica resultantes da viol\u00eancia exercida contra as mulheres (compara\u00e7\u00e3o de v\u00edtimas e n\u00e3o v\u00edtimas)<\/a><\/li>\n<li><a href=\"https:\/\/www.cig.gov.pt\/siic\/pdf\/2014\/siic-SIIC_TD_e_VD_Corrigido.pdf#page=98\" target=\"_blank\">Custos com a sa\u00fade psicol\u00f3gica resultantes da viol\u00eancia exercida contra as mulheres (compara\u00e7\u00e3o de v\u00edtimas e n\u00e3o v\u00edtimas)<\/a><\/li>\n<li><a href=\"https:\/\/www.cig.gov.pt\/siic\/pdf\/2014\/siic-SIIC_TD_e_VD_Corrigido.pdf#page=99\" target=\"_blank\">Outros custos ao n\u00edvel da sa\u00fade psicol\u00f3gica resultantes da viol\u00eancia exercida contra as mulheres (compara\u00e7\u00e3o de v\u00edtimas e n\u00e3o v\u00edtimas)<\/a><\/li>\n<\/ul>\n<ul>\n<li><a href=\"https:\/\/www.cig.gov.pt\/siic\/pdf\/2014\/siic-SIIC_TD_e_VD_Corrigido.pdf#page=57\" target=\"_blank\">Autores da viol\u00eancia f\u00edsica, psicol\u00f3gica e sexual contra homens e mulheres \u2013 Continente<\/a><\/li>\n<li><a href=\"https:\/\/www.cig.gov.pt\/siic\/pdf\/2014\/siic-SIIC_TD_e_VD_Corrigido.pdf#page=58\" target=\"_blank\">Autoria da vitima\u00e7\u00e3o de homens, por tipo de viol\u00eancia \u2013 Continente<\/a><\/li>\n<li><a href=\"https:\/\/www.cig.gov.pt\/siic\/pdf\/2014\/siic-SIIC_TD_e_VD_Corrigido.pdf#page=60\" target=\"_blank\">Parentesco dos autores da viol\u00eancia contra as mulheres<\/a><\/li>\n<li><a href=\"https:\/\/www.cig.gov.pt\/siic\/pdf\/2014\/siic-SIIC_TD_e_VD_Corrigido.pdf#page=57\" target=\"_blank\">Autores da viol\u00eancia f\u00edsica, psicol\u00f3gica e sexual contra homens e mulheres, \u00faltimo ano e anos anteriores \u2013 A\u00e7ores<\/a><\/li>\n<li><a href=\"https:\/\/www.cig.gov.pt\/siic\/pdf\/2014\/siic-SIIC_TD_e_VD_Corrigido.pdf#page=59\" target=\"_blank\">Autoria da vitima\u00e7\u00e3o de homens, por tipo de viol\u00eancia, \u00faltimo ano e anos anteriores \u2013 A\u00e7ores<\/a><\/li>\n<li><a href=\"https:\/\/www.cig.gov.pt\/siic\/pdf\/2014\/siic-SIIC_TD_e_VD_Corrigido.pdf#page=63\" target=\"_blank\">Local da vitima\u00e7\u00e3o f\u00edsica, psicol\u00f3gica e sexual de homens e mulheres \u2013 Continente Reac\u00e7\u00e3o das v\u00edtimas de viol\u00eancia f\u00edsica, psicol\u00f3gica e sexual no \u00faltimo ano por sexo \u2013 Continente Evolu\u00e7\u00e3o das participa\u00e7\u00f5es \u00e0s for\u00e7as de seguran\u00e7a (PSP e GNR) 2000-2009<\/a><\/li>\n<li><a href=\"https:\/\/www.cig.gov.pt\/siic\/pdf\/2014\/siic-SIIC_TD_e_VD_Corrigido.pdf#page=66\" target=\"_blank\">Evolu\u00e7\u00e3o das participa\u00e7\u00f5es de VD, face ao n\u00famero total de crimes contra as pessoas registados pelas for\u00e7as de seguran\u00e7a (PSP e GNR) 2000-2009<\/a><\/li>\n<li><a href=\"https:\/\/www.cig.gov.pt\/siic\/pdf\/2014\/siic-SIIC_TD_e_VD_Corrigido.pdf#page=66\" target=\"_blank\">Evolu\u00e7\u00e3o do n\u00famero de ocorr\u00eancias de VD registadas pelas for\u00e7as de seguran\u00e7a, de 2000 a 2008<\/a><\/li>\n<li><a href=\"https:\/\/www.cig.gov.pt\/siic\/pdf\/2014\/siic-SIIC_TD_e_VD_Corrigido.pdf#page=67\" target=\"_blank\">Evolu\u00e7\u00e3o percentual do volume de ocorr\u00eancias de VD reportadas face ao n\u00famero total de crimes registados, por for\u00e7a de seguran\u00e7a, de 2000 a 2008<\/a><\/li>\n<li><a href=\"https:\/\/www.cig.gov.pt\/siic\/pdf\/2014\/siic-SIIC_TD_e_VD_Corrigido.pdf#page=67\" target=\"_blank\">Total de participa\u00e7\u00f5es de VD registadas pelas for\u00e7as de seguran\u00e7a (PSP e GNR), por Distrito\/Regi\u00e3o Aut\u00f3noma &#8211; 2008-2009<\/a><\/li>\n<li><a href=\"https:\/\/www.cig.gov.pt\/siic\/pdf\/2014\/siic-SIIC_TD_e_VD_Corrigido.pdf#page=68\" target=\"_blank\">Taxa de incid\u00eancia da VD em 2007, por distritos e Regi\u00f5es Aut\u00f3nomas e varia\u00e7\u00e3o da taxa de incid\u00eancia entre 2000 e 2007<\/a><\/li>\n<\/ul>\n<ul>\n<li><a href=\"https:\/\/www.cig.gov.pt\/siic\/pdf\/2014\/siic-SIIC_TD_e_VD_Corrigido.pdf#page=68\" target=\"_blank\">Varia\u00e7\u00e3o da incid\u00eancia da VD em Portugal entre 2000 e 2007, por distritos e Regi\u00f5es Aut\u00f3nomas<\/a><\/li>\n<li><a href=\"https:\/\/www.cig.gov.pt\/siic\/pdf\/2014\/siic-SIIC_TD_e_VD_Corrigido.pdf#page=69\" target=\"_blank\">Taxa de incid\u00eancia de ocorr\u00eancias participadas \u00e0s for\u00e7as de seguran\u00e7a no 1\u00ba semestre de 2008, por comarca judicial (por mil habitantes)<\/a><\/li>\n<li><a href=\"https:\/\/www.cig.gov.pt\/siic\/pdf\/2014\/siic-SIIC_TD_e_VD_Corrigido.pdf#page=69\" target=\"_blank\">Taxa de incid\u00eancia de ocorr\u00eancias participadas \u00e0s FS no 1\u00ba semestre de 2009, por comarca judicial (por mil habitantes)<\/a><\/li>\n<li><a href=\"https:\/\/www.cig.gov.pt\/siic\/pdf\/2014\/siic-SIIC_TD_e_VD_Corrigido.pdf#page=70\" target=\"_blank\">M\u00e9dia de ocorr\u00eancias de VD participadas diariamente \u00e0s for\u00e7as de seguran\u00e7a segundo o m\u00eas &#8211; 2007-2008 e 1\u00ba semestre de 2009<\/a><\/li>\n<li><a href=\"https:\/\/www.cig.gov.pt\/siic\/pdf\/2014\/siic-SIIC_TD_e_VD_Corrigido.pdf#page=71\" target=\"_blank\">M\u00e9dia de ocorr\u00eancias de VD participadas diariamente segundo o m\u00eas, por for\u00e7a de seguran\u00e7a &#8211; 2007-2008 e 1\u00ba semestre de 2009<\/a><\/li>\n<li><a href=\"https:\/\/www.cig.gov.pt\/siic\/pdf\/2014\/siic-SIIC_TD_e_VD_Corrigido.pdf#page=71\" target=\"_blank\">Participa\u00e7\u00e3o da VD \u00e0s for\u00e7as de seguran\u00e7a segundo o dia da semana &#8211; 2008<\/a><\/li>\n<li><a href=\"https:\/\/www.cig.gov.pt\/siic\/pdf\/2014\/siic-SIIC_TD_e_VD_Corrigido.pdf#page=72\" target=\"_blank\">Participa\u00e7\u00e3o da VD \u00e0s for\u00e7as de seguran\u00e7a segundo o dia da semana \u2013 1\u00ba semestre de 2009<\/a><\/li>\n<li><a href=\"https:\/\/www.cig.gov.pt\/siic\/pdf\/2014\/siic-SIIC_TD_e_VD_Corrigido.pdf#page=72\" target=\"_blank\">Hora de participa\u00e7\u00e3o da VD, em termos globais e segundo as for\u00e7as de seguran\u00e7a &#8211; 2008<\/a><\/li>\n<li><a href=\"https:\/\/www.cig.gov.pt\/siic\/pdf\/2014\/siic-SIIC_TD_e_VD_Corrigido.pdf#page=73\" target=\"_blank\">Hora de participa\u00e7\u00e3o da VD, em termos globais e segundo as for\u00e7as de seguran\u00e7a \u2013 1\u00ba semestre de 2009<\/a><\/li>\n<\/ul>\n<ul>\n<li><a href=\"https:\/\/www.cig.gov.pt\/siic\/pdf\/2014\/siic-SIIC_TD_e_VD_Corrigido.pdf#page=73\" target=\"_blank\">Tipos de viol\u00eancia &#8211; casos participados no 1\u00ba semestre de 2009<\/a><\/li>\n<li><a href=\"https:\/\/www.cig.gov.pt\/siic\/pdf\/2014\/siic-SIIC_TD_e_VD_Corrigido.pdf#page=74\" target=\"_blank\">Sexo da v\u00edtima &#8211; 2007-2008 e 1\u00ba semestre de 2009 &#8211; casos participados<\/a><\/li>\n<li><a href=\"https:\/\/www.cig.gov.pt\/siic\/pdf\/2014\/siic-SIIC_TD_e_VD_Corrigido.pdf#page=74\" target=\"_blank\">Estado civil da v\u00edtima -2008 e 1\u00ba semestre de 2009 &#8211; casos participados<\/a><\/li>\n<li><a href=\"https:\/\/www.cig.gov.pt\/siic\/pdf\/2014\/siic-SIIC_TD_e_VD_Corrigido.pdf#page=75\" target=\"_blank\">Escal\u00e3o et\u00e1rio da v\u00edtima -2008 e 1\u00ba semestre de 2009 &#8211; casos participados<\/a><\/li>\n<li><a href=\"https:\/\/www.cig.gov.pt\/siic\/pdf\/2014\/siic-SIIC_TD_e_VD_Corrigido.pdf#page=76\" target=\"_blank\">V\u00edtimas de VD participada \u00e0 PSP (2009) segundo o sexo e o escal\u00e3o et\u00e1rio<\/a><\/li>\n<li><a href=\"https:\/\/www.cig.gov.pt\/siic\/pdf\/2014\/siic-SIIC_TD_e_VD_Corrigido.pdf#page=76\" target=\"_blank\">V\u00edtimas de VD participada \u00e0 PSP (2009) por escal\u00e3o et\u00e1rio nos homens e mulheres<\/a><\/li>\n<li><a href=\"https:\/\/www.cig.gov.pt\/siic\/pdf\/2014\/siic-SIIC_TD_e_VD_Corrigido.pdf#page=77\" target=\"_blank\">Participa\u00e7\u00e3o \u00e0 PSP em 2009 de VD contra as mulheres, por escal\u00e3o et\u00e1rio e segundo o comando distrital<\/a><\/li>\n<li><a href=\"https:\/\/www.cig.gov.pt\/siic\/pdf\/2014\/siic-SIIC_TD_e_VD_Corrigido.pdf#page=78\" target=\"_blank\">Participa\u00e7\u00e3o \u00e0 PSP em 2009 de VD contra os homens, por escal\u00e3o et\u00e1rio e segundo o comando distrital<\/a><\/li>\n<li><a href=\"https:\/\/www.cig.gov.pt\/siic\/pdf\/2014\/siic-SIIC_TD_e_VD_Corrigido.pdf#page=79\" target=\"_blank\">Situa\u00e7\u00e3o perante a profiss\u00e3o da v\u00edtima &#8211; 1\u00ba semestre de 2009 &#8211; casos participados<\/a><\/li>\n<li><a href=\"https:\/\/www.cig.gov.pt\/siic\/pdf\/2014\/siic-SIIC_TD_e_VD_Corrigido.pdf#page=79\" target=\"_blank\">N\u00edvel de instru\u00e7\u00e3o da v\u00edtima &#8211; 2008 e 1\u00ba semestre de 2009 &#8211; casos participados<\/a><\/li>\n<li><a href=\"https:\/\/www.cig.gov.pt\/siic\/pdf\/2014\/siic-SIIC_TD_e_VD_Corrigido.pdf#page=80\" target=\"_blank\">N\u00edvel de instru\u00e7\u00e3o da v\u00edtima e denunciado(a) \u2013 2008<\/a><\/li>\n<li><a href=\"https:\/\/www.cig.gov.pt\/siic\/pdf\/2014\/siic-SIIC_TD_e_VD_Corrigido.pdf#page=80\" target=\"_blank\">Rela\u00e7\u00e3o entre v\u00edtima e denunciado(a) &#8211; 2007-2008<\/a><\/li>\n<li><a href=\"https:\/\/www.cig.gov.pt\/siic\/pdf\/2014\/siic-SIIC_TD_e_VD_Corrigido.pdf#page=81\" target=\"_blank\">Rela\u00e7\u00e3o entre v\u00edtima e denunciado(a) &#8211; 1\u00ba semestre de 2009<\/a><\/li>\n<li><a href=\"https:\/\/www.cig.gov.pt\/siic\/pdf\/2014\/siic-SIIC_TD_e_VD_Corrigido.pdf#page=81\" target=\"_blank\">Tipo de denunciante &#8211; 2008 e 1\u00ba semestre de 2009<\/a><\/li>\n<li><a href=\"https:\/\/www.cig.gov.pt\/siic\/pdf\/2014\/siic-SIIC_TD_e_VD_Corrigido.pdf#page=82\" target=\"_blank\">&#8220;Factor precipitante&#8221; para a ocorr\u00eancia de VD \u2013 casos participados no 1\u00ba semestre de 2009<\/a><\/li>\n<li><a href=\"https:\/\/www.cig.gov.pt\/siic\/pdf\/2014\/siic-SIIC_TD_e_VD_Corrigido.pdf#page=83\" target=\"_blank\">Tempo decorrido entre a data da participa\u00e7\u00e3o \u00e0 for\u00e7a de seguran\u00e7a e a data da ocorr\u00eancia que \u00e9 reportada &#8211; 2007 e 2008<\/a><\/li>\n<li><a href=\"https:\/\/www.cig.gov.pt\/siic\/pdf\/2014\/siic-SIIC_TD_e_VD_Corrigido.pdf#page=83\" target=\"_blank\">Tempo decorrido entre a data da participa\u00e7\u00e3o e a data da ocorr\u00eancia que \u00e9 reportada, por for\u00e7a de seguran\u00e7a \u2013 1\u00ba semestre 2009<\/a><\/li>\n<li><a href=\"https:\/\/www.cig.gov.pt\/siic\/pdf\/2014\/siic-SIIC_TD_e_VD_Corrigido.pdf#page=84\" target=\"_blank\">Motivo da interven\u00e7\u00e3o policial &#8211; Casos participados em 2007-2008<\/a><\/li>\n<li><a href=\"https:\/\/www.cig.gov.pt\/siic\/pdf\/2014\/siic-SIIC_TD_e_VD_Corrigido.pdf#page=84\" target=\"_blank\">Tempo decorrido entre a data da participa\u00e7\u00e3o e a data da ocorr\u00eancia que \u00e9 reportada, por for\u00e7a de seguran\u00e7a \u2013 1\u00ba semestre 2009<\/a><\/li>\n<li><a href=\"https:\/\/www.cig.gov.pt\/siic\/pdf\/2014\/siic-SIIC_TD_e_VD_Corrigido.pdf#page=85\" target=\"_blank\">Consequ\u00eancia da VD para a v\u00edtima, por for\u00e7a de seguran\u00e7a \u2013 2008 e 1\u00ba semestre de 2009<\/a><\/li>\n<li><a href=\"https:\/\/www.cig.gov.pt\/siic\/pdf\/2014\/siic-SIIC_TD_e_VD_Corrigido.pdf#page=85\" target=\"_blank\">V\u00edtima \u2013 Internamento hospitalar e baixa m\u00e9dica \u2013 Casos participados em 2008 e 1\u00ba semestre de 2009<\/a><\/li>\n<li><a href=\"https:\/\/www.cig.gov.pt\/siic\/pdf\/2014\/siic-SIIC_TD_e_VD_Corrigido.pdf#page=86\" target=\"_blank\">VD presenciada por menores e participada \u00e0 PSP e GNR &#8211; 2007-2008<\/a><\/li>\n<li><a href=\"https:\/\/www.cig.gov.pt\/siic\/pdf\/2014\/siic-SIIC_TD_e_VD_Corrigido.pdf#page=87\" target=\"_blank\">Compara\u00e7\u00e3o das participa\u00e7\u00f5es de VD \u00e0 APAV e \u00e0s for\u00e7as de seguran\u00e7a (2000-2009)<\/a><\/li>\n<li><a href=\"https:\/\/www.cig.gov.pt\/siic\/pdf\/2014\/siic-SIIC_TD_e_VD_Corrigido.pdf#page=87\" target=\"_blank\">Perfil da v\u00edtima e do autor de viol\u00eancia dom\u00e9stica, APAV &#8211; 2000 a 2009<\/a><\/li>\n<\/ul>\n<ul>\n<li><a href=\"https:\/\/www.cig.gov.pt\/siic\/pdf\/2014\/siic-SIIC_TD_e_VD_Corrigido.pdf#page=92\" target=\"_blank\">Condena\u00e7\u00f5es em processos-crime na fase de julgamentos findos, nos anos de 2007 e 2008, nos Tribunais Judiciais de 1\u00aa inst\u00e2ncia, em crimes de homic\u00eddio em que a v\u00edtima \u00e9 o c\u00f4njuge ou companheiro\/a, segundo o sexo do arguido<\/a><\/li>\n<li><a href=\"https:\/\/www.cig.gov.pt\/siic\/pdf\/2014\/siic-SIIC_TD_e_VD_Corrigido.pdf#page=93\" target=\"_blank\">Idade das mulheres v\u00edtimas de homic\u00eddio (tentado e consumado) registadas pela UMAR, 2004-2008<\/a><\/li>\n<li><a href=\"https:\/\/www.cig.gov.pt\/siic\/pdf\/2014\/siic-SIIC_TD_e_VD_Corrigido.pdf#page=93\" target=\"_blank\">Mulheres v\u00edtimas de homic\u00eddio (tentado e consumado) registadas mensalmente pela UMAR, 2004-2008<\/a><\/li>\n<li><a href=\"https:\/\/www.cig.gov.pt\/siic\/pdf\/2014\/siic-SIIC_TD_e_VD_Corrigido.pdf#page=93\" target=\"_blank\">M\u00e9dias mensais dos casos de mulheres v\u00edtimas de homic\u00eddio (tentado e consumado) registadas mensalmente pela UMAR, 2004-2008<\/a><\/li>\n<li><a href=\"https:\/\/www.cig.gov.pt\/siic\/pdf\/2014\/siic-SIIC_TD_e_VD_Corrigido.pdf#page=94\" target=\"_blank\">Rela\u00e7\u00e3o entre os autores e as mulheres v\u00edtimas de homic\u00eddio (tentado e consumado) registados pela UMAR, 2004-2008<\/a><\/li>\n<\/ul>\n","protected":false},"excerpt":{"rendered":"<p>Texto: SIIC, levantamento efetuado com dados dispon\u00edveis at\u00e9 abril de 2010. &nbsp; Preval\u00eancia da viol\u00eancia exercida contra as mulheres (Portugal Continental) Preval\u00eancia da viol\u00eancia exercida contra as mulheres (R. A. A\u00e7ores) Viol\u00eancia contra as mulheres \u2013 compara\u00e7\u00e3o com o Continente (R. A. A\u00e7ores) Vitima\u00e7\u00e3o de mulheres no espa\u00e7o dom\u00e9stico Reac\u00e7\u00e3o aos actos por parte das [&hellip;]<\/p>\n","protected":false},"author":1,"featured_media":333,"comment_status":"closed","ping_status":"closed","sticky":false,"template":"","format":"standard","meta":{"_genesis_hide_title":false,"_genesis_hide_breadcrumbs":false,"_genesis_hide_singular_image":false,"_genesis_hide_footer_widgets":false,"_genesis_custom_body_class":"","_genesis_custom_post_class":"","_genesis_layout":""},"categories":[61,34,73,13],"tags":[74],"_links":{"self":[{"href":"https:\/\/www.cig.gov.pt\/siic\/wp-json\/wp\/v2\/posts\/332"}],"collection":[{"href":"https:\/\/www.cig.gov.pt\/siic\/wp-json\/wp\/v2\/posts"}],"about":[{"href":"https:\/\/www.cig.gov.pt\/siic\/wp-json\/wp\/v2\/types\/post"}],"author":[{"embeddable":true,"href":"https:\/\/www.cig.gov.pt\/siic\/wp-json\/wp\/v2\/users\/1"}],"replies":[{"embeddable":true,"href":"https:\/\/www.cig.gov.pt\/siic\/wp-json\/wp\/v2\/comments?post=332"}],"version-history":[{"count":5,"href":"https:\/\/www.cig.gov.pt\/siic\/wp-json\/wp\/v2\/posts\/332\/revisions"}],"predecessor-version":[{"id":739,"href":"https:\/\/www.cig.gov.pt\/siic\/wp-json\/wp\/v2\/posts\/332\/revisions\/739"}],"wp:featuredmedia":[{"embeddable":true,"href":"https:\/\/www.cig.gov.pt\/siic\/wp-json\/wp\/v2\/media\/333"}],"wp:attachment":[{"href":"https:\/\/www.cig.gov.pt\/siic\/wp-json\/wp\/v2\/media?parent=332"}],"wp:term":[{"taxonomy":"category","embeddable":true,"href":"https:\/\/www.cig.gov.pt\/siic\/wp-json\/wp\/v2\/categories?post=332"},{"taxonomy":"post_tag","embeddable":true,"href":"https:\/\/www.cig.gov.pt\/siic\/wp-json\/wp\/v2\/tags?post=332"}],"curies":[{"name":"wp","href":"https:\/\/api.w.org\/{rel}","templated":true}]}}