{"id":1173,"date":"2014-12-17T18:22:13","date_gmt":"2014-12-17T18:22:13","guid":{"rendered":"https:\/\/www.cig.gov.pt\/siic\/?p=1173"},"modified":"2015-06-17T18:23:47","modified_gmt":"2015-06-17T18:23:47","slug":"assembleia-geral-das-nacoes-unidas-3-a-comissao-adocao-de-resolucao-sobre-protecao-das-criancas-contra-o-bullying","status":"publish","type":"post","link":"https:\/\/www.cig.gov.pt\/siic\/2014\/12\/assembleia-geral-das-nacoes-unidas-3-a-comissao-adocao-de-resolucao-sobre-protecao-das-criancas-contra-o-bullying\/","title":{"rendered":"Assembleia Geral das Na\u00e7\u00f5es Unidas \u2013 3.\u00aa Comiss\u00e3o \u2013 Ado\u00e7\u00e3o de Resolu\u00e7\u00e3o sobre \u00abProte\u00e7\u00e3o das crian\u00e7as contra o \u201cBullying\u201d\u00bb"},"content":{"rendered":"<p><img loading=\"lazy\" class=\"aligncenter size-full wp-image-2996\" src=\"https:\/\/www.cig.gov.pt\/wp-content\/uploads\/2014\/12\/bull_fb.png\" alt=\"Assembleia Geral das Na\u00e7\u00f5es Unidas - 3.\u00aa Comiss\u00e3o \u2013 Ado\u00e7\u00e3o de Resolu\u00e7\u00e3o sobre \u00abProte\u00e7\u00e3o das crian\u00e7as contra o \u201cBullying\u201d\u00bb\" width=\"944\" height=\"492\" \/><\/p>\n<p>Foi adotada pela Assembleia Geral das Na\u00e7\u00f5es Unidas (69.\u00aa sess\u00e3o) \u2013 3.\u00aa Comiss\u00e3o, uma Resolu\u00e7\u00e3o sobre \u201cProte\u00e7\u00e3o das crian\u00e7as contra o \u00abBullying\u00bb\u201d.<\/p>\n<p>Da autoria do M\u00e9xico, e com fundamento principalmente nos artigos 16.\u00ba e 19.\u00ba da <a href=\"https:\/\/www.unicef.pt\/docs\/pdf_publicacoes\/convencao_direitos_crianca2004.pdf\" target=\"_blank\">Conven\u00e7\u00e3o sobre os Direitos da Crian\u00e7a<\/a> \u2013 que garantem a protec\u00e7\u00e3o desta contra as viol\u00eancias f\u00edsica e psicol\u00f3gica \u2013, a Resolu\u00e7\u00e3o consubstancia-se no pedido de elabora\u00e7\u00e3o de um relat\u00f3rio a apresentar ao Secret\u00e1rio Geral, no contexto da 70.\u00aa sess\u00e3o daquela Assembleia Geral. Este documento dever\u00e1 versar o \u00abbullying\u00bb e o \u00abcyber-bullying\u00bb como atentat\u00f3rio dos direitos das crian\u00e7as, ao mesmo tempo que procurar\u00e1 apresentar boas pr\u00e1ticas no combate a este fen\u00f3meno e recomenda\u00e7\u00f5es para a sua preven\u00e7\u00e3o.<\/p>\n<p>A aprova\u00e7\u00e3o da Resolu\u00e7\u00e3o passou por um processo de negocia\u00e7\u00e3o bastante atribulado entre as delega\u00e7\u00f5es, relativamente \u00e0 linguagem utilizada \u2013 por exemplo, no que se prende com a categoria \u201cg\u00e9nero\u201d e os seus estere\u00f3tipos, e pelo entendimento de alguns sobre o universo de pessoas abrangido pela Resolu\u00e7\u00e3o (isto \u00e9, o que se entende por grupos de \u201ccrian\u00e7as em situa\u00e7\u00f5es vulner\u00e1veis\u201d).<\/p>\n<p><a href=\"https:\/\/www.cig.gov.pt\/wp-content\/uploads\/2014\/12\/N1464086.pdf\" target=\"_blank\">Veja a Resolu\u00e7\u00e3o \u00bb<\/a><\/p>\n","protected":false},"excerpt":{"rendered":"<p>Foi adotada pela Assembleia Geral das Na\u00e7\u00f5es Unidas (69.\u00aa sess\u00e3o) \u2013 3.\u00aa Comiss\u00e3o, uma Resolu\u00e7\u00e3o sobre \u201cProte\u00e7\u00e3o das crian\u00e7as contra o \u00abBullying\u00bb\u201d. Da autoria do M\u00e9xico, e com fundamento principalmente nos artigos 16.\u00ba e 19.\u00ba da Conven\u00e7\u00e3o sobre os Direitos da Crian\u00e7a \u2013 que garantem a protec\u00e7\u00e3o desta contra as viol\u00eancias f\u00edsica e psicol\u00f3gica \u2013, [&hellip;]<\/p>\n","protected":false},"author":1,"featured_media":1174,"comment_status":"closed","ping_status":"closed","sticky":false,"template":"","format":"standard","meta":{"_genesis_hide_title":false,"_genesis_hide_breadcrumbs":false,"_genesis_hide_singular_image":false,"_genesis_hide_footer_widgets":false,"_genesis_custom_body_class":"","_genesis_custom_post_class":"","_genesis_layout":""},"categories":[16,66,13],"tags":[],"_links":{"self":[{"href":"https:\/\/www.cig.gov.pt\/siic\/wp-json\/wp\/v2\/posts\/1173"}],"collection":[{"href":"https:\/\/www.cig.gov.pt\/siic\/wp-json\/wp\/v2\/posts"}],"about":[{"href":"https:\/\/www.cig.gov.pt\/siic\/wp-json\/wp\/v2\/types\/post"}],"author":[{"embeddable":true,"href":"https:\/\/www.cig.gov.pt\/siic\/wp-json\/wp\/v2\/users\/1"}],"replies":[{"embeddable":true,"href":"https:\/\/www.cig.gov.pt\/siic\/wp-json\/wp\/v2\/comments?post=1173"}],"version-history":[{"count":1,"href":"https:\/\/www.cig.gov.pt\/siic\/wp-json\/wp\/v2\/posts\/1173\/revisions"}],"predecessor-version":[{"id":1175,"href":"https:\/\/www.cig.gov.pt\/siic\/wp-json\/wp\/v2\/posts\/1173\/revisions\/1175"}],"wp:featuredmedia":[{"embeddable":true,"href":"https:\/\/www.cig.gov.pt\/siic\/wp-json\/wp\/v2\/media\/1174"}],"wp:attachment":[{"href":"https:\/\/www.cig.gov.pt\/siic\/wp-json\/wp\/v2\/media?parent=1173"}],"wp:term":[{"taxonomy":"category","embeddable":true,"href":"https:\/\/www.cig.gov.pt\/siic\/wp-json\/wp\/v2\/categories?post=1173"},{"taxonomy":"post_tag","embeddable":true,"href":"https:\/\/www.cig.gov.pt\/siic\/wp-json\/wp\/v2\/tags?post=1173"}],"curies":[{"name":"wp","href":"https:\/\/api.w.org\/{rel}","templated":true}]}}