{"id":795,"date":"2023-09-13T14:39:54","date_gmt":"2023-09-13T14:39:54","guid":{"rendered":"https:\/\/www.cig.gov.pt\/pacto-contra-violencia\/?p=795"},"modified":"2023-09-13T14:44:50","modified_gmt":"2023-09-13T14:44:50","slug":"nao-ha-desculpas-para-a-violencia-domestica-e-o-mote-da-campanha-de-prevencao-e-combate-a-violencia-domestica-2023","status":"publish","type":"post","link":"https:\/\/www.cig.gov.pt\/pacto-contra-violencia\/2023\/09\/nao-ha-desculpas-para-a-violencia-domestica-e-o-mote-da-campanha-de-prevencao-e-combate-a-violencia-domestica-2023\/","title":{"rendered":"\u201cN\u00e3o H\u00e1 Desculpas para a Viol\u00eancia Dom\u00e9stica\u201d \u00e9 o mote da campanha de preven\u00e7\u00e3o e combate \u00e0 Viol\u00eancia Dom\u00e9stica 2023"},"content":{"rendered":"<p>[et_pb_section fb_built=&#8221;1&#8243; _builder_version=&#8221;4.13.0&#8243; _module_preset=&#8221;default&#8221; custom_margin=&#8221;0px||||false|false&#8221; custom_padding=&#8221;0px||||false|false&#8221; global_colors_info=&#8221;{}&#8221;][et_pb_row _builder_version=&#8221;4.13.0&#8243; _module_preset=&#8221;default&#8221; max_width=&#8221;1024px&#8221; custom_margin=&#8221;0px||||false|false&#8221; custom_padding=&#8221;0px||||false|false&#8221; global_colors_info=&#8221;{}&#8221;][et_pb_column type=&#8221;4_4&#8243; _builder_version=&#8221;4.13.0&#8243; _module_preset=&#8221;default&#8221; global_colors_info=&#8221;{}&#8221;][et_pb_divider _builder_version=&#8221;4.13.0&#8243; _module_preset=&#8221;default&#8221; show_divider=&#8221;off&#8221; height=&#8221;60px&#8221; hover_enabled=&#8221;0&#8243; sticky_enabled=&#8221;0&#8243;][\/et_pb_divider][et_pb_text _builder_version=&#8221;4.13.0&#8243; _module_preset=&#8221;default&#8221; text_font=&#8221;Montserrat||||||||&#8221; text_line_height=&#8221;1.3em&#8221; hover_enabled=&#8221;0&#8243; global_colors_info=&#8221;{}&#8221; header_line_height=&#8221;1.2em&#8221; sticky_enabled=&#8221;0&#8243;]<\/p>\n<h1><strong>\u201cN\u00e3o H\u00e1 Desculpas para a Viol\u00eancia Dom\u00e9stica\u201d \u00e9 o mote da campanha de preven\u00e7\u00e3o e combate \u00e0 Viol\u00eancia Dom\u00e9stica 2023<\/strong><\/h1>\n<p>[\/et_pb_text][\/et_pb_column][\/et_pb_row][et_pb_row column_structure=&#8221;1_2,1_2&#8243; _builder_version=&#8221;4.13.0&#8243; _module_preset=&#8221;default&#8221; global_colors_info=&#8221;{}&#8221;][et_pb_column type=&#8221;1_2&#8243; _builder_version=&#8221;4.13.0&#8243; _module_preset=&#8221;default&#8221; global_colors_info=&#8221;{}&#8221;][et_pb_image src=&#8221;https:\/\/www.cig.gov.pt\/pacto-contra-violencia\/wp-content\/uploads\/2023\/09\/AF_CIG_outdoor_mulher.jpg&#8221; alt=&#8221;Outdoor Mulher&#8221; title_text=&#8221;Outdoor Mulher&#8221; _builder_version=&#8221;4.13.0&#8243; _module_preset=&#8221;default&#8221; global_colors_info=&#8221;{}&#8221;][\/et_pb_image][\/et_pb_column][et_pb_column type=&#8221;1_2&#8243; _builder_version=&#8221;4.13.0&#8243; _module_preset=&#8221;default&#8221; global_colors_info=&#8221;{}&#8221;][et_pb_image src=&#8221;https:\/\/www.cig.gov.pt\/pacto-contra-violencia\/wp-content\/uploads\/2023\/09\/AF_CIG_outdoor_homem.jpg&#8221; alt=&#8221;Outdoor Homem&#8221; title_text=&#8221;Outdoor Homem&#8221; _builder_version=&#8221;4.13.0&#8243; _module_preset=&#8221;default&#8221; global_colors_info=&#8221;{}&#8221;][\/et_pb_image][\/et_pb_column][\/et_pb_row][et_pb_row _builder_version=&#8221;4.13.0&#8243; _module_preset=&#8221;default&#8221; max_width=&#8221;1024px&#8221; custom_margin=&#8221;0px||||false|false&#8221; custom_padding=&#8221;0px||||false|false&#8221; global_colors_info=&#8221;{}&#8221;][et_pb_column type=&#8221;4_4&#8243; _builder_version=&#8221;4.13.0&#8243; _module_preset=&#8221;default&#8221; global_colors_info=&#8221;{}&#8221;][et_pb_text _builder_version=&#8221;4.13.0&#8243; _module_preset=&#8221;default&#8221; text_font=&#8221;Montserrat||||||||&#8221; text_line_height=&#8221;1.3em&#8221; global_colors_info=&#8221;{}&#8221;]<\/p>\n<p>Em 2022 ocorreram mais de <strong>30.000 den\u00fancias de viol\u00eancia de g\u00e9nero em Portugal<\/strong>. No primeiro semestre j\u00e1 foram registadas <strong>14.863 ocorr\u00eancias<\/strong> pela PSP e GNR. S\u00e3o muitos rostos, muitas v\u00edtimas e v\u00e1rios agressores. S\u00e3o milhares de pedidos de desculpas di\u00e1rios, sendo que se torna premente repetir vezes sem conta que onde h\u00e1 uma v\u00edtima, h\u00e1 uma pessoa agressora.<\/p>\n<p>Com este des\u00edgnio, a campanha em causa alerta para in\u00fameras desculpas que a pessoa agressora utiliza para se desresponsabilizar pelos seus atos, negando e\/ou banalizando a viol\u00eancia, que se perpetua. Mais, gradualmente, faz crer \u00e0 v\u00edtima que \u00e9 ela a culpada pelos seus comportamentos, que os merece ou que os provoca. Mas a agress\u00e3o \u00e9 sempre uma escolha.<\/p>\n<p>Algumas das desculpas s\u00e3o bem conhecidas: Foram os ci\u00fames\u2026; foi o \u00e1lcool\u2026; est\u00e1s sempre a provocar-me\u2026; est\u00e1s sempre a desafiar-me\u2026; n\u00e3o consegues fazer nada sozinha\u2026. A cada uma destas verbaliza\u00e7\u00f5es correspondem in\u00fameros pensamentos da v\u00edtima para desculpabilizar a viol\u00eancia.<\/p>\n<p>Neste sentido, a ideia de que agredir \u00e9 sempre uma escolha da pessoa que usa a viol\u00eancia para se impor, controlar ou provocar medo e dano \u00e0 v\u00edtima, encontra-se bem patente nesta campanha \u2013 que refor\u00e7a o facto de n\u00e3o existirem desculpas para uma pessoa ser violenta com outra.<\/p>\n<p>Recorde-se que, a RNAVVD \u2013 Rede Nacional de Apoio a V\u00edtimas de Viol\u00eancia Dom\u00e9stica est\u00e1 presente em todo o pa\u00eds, sendo constitu\u00edda por um conjunto de servi\u00e7os e respostas especializados, gratuitos, vocacionados para o apoio \u00e0s v\u00edtimas.<\/p>\n<p><strong>No 2\u00ba trimestre de 2023, a RNAVVD acolheu 1450 pessoas. Destas, 52% eram v\u00edtimas adultas (98% mulheres e 2% homens) e 48% eram dependentes a cargo (maioritariamente crian\u00e7as e jovens que, por quest\u00f5es de seguran\u00e7a, acompanharam as suas m\u00e3es).<\/strong><\/p>\n<p>De referir ainda que, em Portugal, a viol\u00eancia dom\u00e9stica \u00e9 um crime p\u00fablico que deve ser combatido e denunciado por cada pessoa. Assim, para obter ajuda, denunciar ou pedir informa\u00e7\u00f5es sobre viol\u00eancia dom\u00e9stica, pode faz\u00ea-lo atrav\u00e9s do n\u00famero de apoio \u2013 <strong>800 202 148<\/strong> e a <strong>Linha SMS 3060<\/strong> \u2013 n\u00fameros gratuitos, dispon\u00edveis 7 dias por semana, 24 horas por dia.<\/p>\n<p>Para mais dados sobre a viol\u00eancia dom\u00e9stica em Portugal consulte o <a href=\"https:\/\/www.cig.gov.pt\/area-portal-da-violencia\/portal-violencia-domestica\/indicadores-estatisticos\/\" target=\"_blank\" rel=\"noopener\">Portal da Viol\u00eancia Dom\u00e9stica<\/a>.<\/p>\n<p>Contamos consigo para divulgar esta campanha e ajudar a afirmar em conjunto \u2013 N\u00e3o H\u00e1 Desculpas para a Viol\u00eancia Dom\u00e9stica!<\/p>\n<p>Para o efeito, disponibilizamos <a href=\"https:\/\/www.cig.gov.pt\/pacto-contra-violencia\/\" target=\"_blank\" rel=\"noopener\">aqui diversos formatos para diferentes canais de comunica\u00e7\u00e3o<\/a>.<\/p>\n<p>[\/et_pb_text][\/et_pb_column][\/et_pb_row][\/et_pb_section]<\/p>\n","protected":false},"excerpt":{"rendered":"<p>\u201cN\u00e3o H\u00e1 Desculpas para a Viol\u00eancia Dom\u00e9stica\u201d \u00e9 o mote da campanha de preven\u00e7\u00e3o e combate \u00e0 Viol\u00eancia Dom\u00e9stica 2023Em 2022 ocorreram mais de 30.000 den\u00fancias de viol\u00eancia de g\u00e9nero em Portugal. No primeiro semestre j\u00e1 foram registadas 14.863 ocorr\u00eancias pela PSP e GNR. S\u00e3o muitos rostos, muitas v\u00edtimas e v\u00e1rios agressores. S\u00e3o milhares de [&hellip;]<\/p>\n","protected":false},"author":1,"featured_media":798,"comment_status":"closed","ping_status":"closed","sticky":false,"template":"","format":"standard","meta":{"_et_pb_use_builder":"on","_et_pb_old_content":"","_et_gb_content_width":""},"categories":[1],"tags":[],"yoast_head":"<!-- This site is optimized with the Yoast SEO plugin v17.5 - https:\/\/yoast.com\/wordpress\/plugins\/seo\/ -->\n<title>\u201cN\u00e3o H\u00e1 Desculpas para a Viol\u00eancia Dom\u00e9stica\u201d \u00e9 o mote da campanha de preven\u00e7\u00e3o e combate \u00e0 Viol\u00eancia Dom\u00e9stica 2023 - Pacto Contra a Viol\u00eancia<\/title>\n<meta name=\"robots\" content=\"index, follow, max-snippet:-1, max-image-preview:large, max-video-preview:-1\" \/>\n<link rel=\"canonical\" href=\"https:\/\/www.cig.gov.pt\/pacto-contra-violencia\/2023\/09\/nao-ha-desculpas-para-a-violencia-domestica-e-o-mote-da-campanha-de-prevencao-e-combate-a-violencia-domestica-2023\/\" \/>\n<meta property=\"og:locale\" content=\"pt_PT\" \/>\n<meta property=\"og:type\" content=\"article\" \/>\n<meta property=\"og:title\" content=\"\u201cN\u00e3o H\u00e1 Desculpas para a Viol\u00eancia Dom\u00e9stica\u201d \u00e9 o mote da campanha de preven\u00e7\u00e3o e combate \u00e0 Viol\u00eancia Dom\u00e9stica 2023\" \/>\n<meta property=\"og:description\" content=\"\u201cN\u00e3o H\u00e1 Desculpas para a Viol\u00eancia Dom\u00e9stica\u201d \u00e9 o mote da campanha de preven\u00e7\u00e3o e combate \u00e0 Viol\u00eancia Dom\u00e9stica 2023Em 2022 ocorreram mais de 30.000 den\u00fancias de viol\u00eancia de g\u00e9nero em Portugal. No primeiro semestre j\u00e1 foram registadas 14.863 ocorr\u00eancias pela PSP e GNR. S\u00e3o muitos rostos, muitas v\u00edtimas e v\u00e1rios agressores. S\u00e3o milhares de [&hellip;]\" \/>\n<meta property=\"og:url\" content=\"https:\/\/www.cig.gov.pt\/pacto-contra-violencia\/2023\/09\/nao-ha-desculpas-para-a-violencia-domestica-e-o-mote-da-campanha-de-prevencao-e-combate-a-violencia-domestica-2023\/\" \/>\n<meta property=\"og:site_name\" content=\"Pacto Contra a Viol\u00eancia\" \/>\n<meta property=\"article:published_time\" content=\"2023-09-13T14:39:54+00:00\" \/>\n<meta property=\"article:modified_time\" content=\"2023-09-13T14:44:50+00:00\" \/>\n<meta property=\"og:image\" content=\"https:\/\/www.cig.gov.pt\/pacto-contra-violencia\/wp-content\/uploads\/2023\/09\/FeaturedCampanha.jpg\" \/>\n\t<meta property=\"og:image:width\" content=\"1200\" \/>\n\t<meta property=\"og:image:height\" content=\"630\" \/>\n<meta name=\"twitter:card\" content=\"summary_large_image\" \/>\n<meta name=\"twitter:title\" content=\"\u201cN\u00e3o H\u00e1 Desculpas para a Viol\u00eancia Dom\u00e9stica\u201d \u00e9 o mote da campanha de preven\u00e7\u00e3o e combate \u00e0 Viol\u00eancia Dom\u00e9stica 2023\" \/>\n<meta name=\"twitter:image\" content=\"https:\/\/www.cig.gov.pt\/pacto-contra-violencia\/wp-content\/uploads\/2023\/09\/FeaturedCampanha.jpg\" \/>\n<meta name=\"twitter:label1\" content=\"Written by\" \/>\n\t<meta name=\"twitter:data1\" content=\"cig\" \/>\n\t<meta name=\"twitter:label2\" content=\"Est. reading time\" \/>\n\t<meta name=\"twitter:data2\" content=\"4 minutos\" \/>\n<script type=\"application\/ld+json\" class=\"yoast-schema-graph\">{\"@context\":\"https:\/\/schema.org\",\"@graph\":[{\"@type\":\"WebSite\",\"@id\":\"https:\/\/www.cig.gov.pt\/pacto-contra-violencia\/#website\",\"url\":\"https:\/\/www.cig.gov.pt\/pacto-contra-violencia\/\",\"name\":\"Pacto Contra a Viol\\u00eancia\",\"description\":\"\",\"potentialAction\":[{\"@type\":\"SearchAction\",\"target\":{\"@type\":\"EntryPoint\",\"urlTemplate\":\"https:\/\/www.cig.gov.pt\/pacto-contra-violencia\/?s={search_term_string}\"},\"query-input\":\"required name=search_term_string\"}],\"inLanguage\":\"pt-PT\"},{\"@type\":\"ImageObject\",\"@id\":\"https:\/\/www.cig.gov.pt\/pacto-contra-violencia\/2023\/09\/nao-ha-desculpas-para-a-violencia-domestica-e-o-mote-da-campanha-de-prevencao-e-combate-a-violencia-domestica-2023\/#primaryimage\",\"inLanguage\":\"pt-PT\",\"url\":\"https:\/\/www.cig.gov.pt\/pacto-contra-violencia\/wp-content\/uploads\/2023\/09\/FeaturedCampanha.jpg\",\"contentUrl\":\"https:\/\/www.cig.gov.pt\/pacto-contra-violencia\/wp-content\/uploads\/2023\/09\/FeaturedCampanha.jpg\",\"width\":1200,\"height\":630,\"caption\":\"\\u201cN\\u00e3o H\\u00e1 Desculpas para a Viol\\u00eancia Dom\\u00e9stica\\u201d \\u00e9 o mote da campanha de preven\\u00e7\\u00e3o e combate \\u00e0 Viol\\u00eancia Dom\\u00e9stica 2023\"},{\"@type\":\"WebPage\",\"@id\":\"https:\/\/www.cig.gov.pt\/pacto-contra-violencia\/2023\/09\/nao-ha-desculpas-para-a-violencia-domestica-e-o-mote-da-campanha-de-prevencao-e-combate-a-violencia-domestica-2023\/#webpage\",\"url\":\"https:\/\/www.cig.gov.pt\/pacto-contra-violencia\/2023\/09\/nao-ha-desculpas-para-a-violencia-domestica-e-o-mote-da-campanha-de-prevencao-e-combate-a-violencia-domestica-2023\/\",\"name\":\"\\u201cN\\u00e3o H\\u00e1 Desculpas para a Viol\\u00eancia Dom\\u00e9stica\\u201d \\u00e9 o mote da campanha de preven\\u00e7\\u00e3o e combate \\u00e0 Viol\\u00eancia Dom\\u00e9stica 2023 - Pacto Contra a Viol\\u00eancia\",\"isPartOf\":{\"@id\":\"https:\/\/www.cig.gov.pt\/pacto-contra-violencia\/#website\"},\"primaryImageOfPage\":{\"@id\":\"https:\/\/www.cig.gov.pt\/pacto-contra-violencia\/2023\/09\/nao-ha-desculpas-para-a-violencia-domestica-e-o-mote-da-campanha-de-prevencao-e-combate-a-violencia-domestica-2023\/#primaryimage\"},\"datePublished\":\"2023-09-13T14:39:54+00:00\",\"dateModified\":\"2023-09-13T14:44:50+00:00\",\"author\":{\"@id\":\"https:\/\/www.cig.gov.pt\/pacto-contra-violencia\/#\/schema\/person\/714641faf3c106c71805c7c78d9a44cc\"},\"breadcrumb\":{\"@id\":\"https:\/\/www.cig.gov.pt\/pacto-contra-violencia\/2023\/09\/nao-ha-desculpas-para-a-violencia-domestica-e-o-mote-da-campanha-de-prevencao-e-combate-a-violencia-domestica-2023\/#breadcrumb\"},\"inLanguage\":\"pt-PT\",\"potentialAction\":[{\"@type\":\"ReadAction\",\"target\":[\"https:\/\/www.cig.gov.pt\/pacto-contra-violencia\/2023\/09\/nao-ha-desculpas-para-a-violencia-domestica-e-o-mote-da-campanha-de-prevencao-e-combate-a-violencia-domestica-2023\/\"]}]},{\"@type\":\"BreadcrumbList\",\"@id\":\"https:\/\/www.cig.gov.pt\/pacto-contra-violencia\/2023\/09\/nao-ha-desculpas-para-a-violencia-domestica-e-o-mote-da-campanha-de-prevencao-e-combate-a-violencia-domestica-2023\/#breadcrumb\",\"itemListElement\":[{\"@type\":\"ListItem\",\"position\":1,\"name\":\"Home\",\"item\":\"https:\/\/www.cig.gov.pt\/pacto-contra-violencia\/\"},{\"@type\":\"ListItem\",\"position\":2,\"name\":\"\\u201cN\\u00e3o H\\u00e1 Desculpas para a Viol\\u00eancia Dom\\u00e9stica\\u201d \\u00e9 o mote da campanha de preven\\u00e7\\u00e3o e combate \\u00e0 Viol\\u00eancia Dom\\u00e9stica 2023\"}]},{\"@type\":\"Person\",\"@id\":\"https:\/\/www.cig.gov.pt\/pacto-contra-violencia\/#\/schema\/person\/714641faf3c106c71805c7c78d9a44cc\",\"name\":\"cig\",\"sameAs\":[\"https:\/\/www.cig.gov.pt\/pacto-contra-violencia\"],\"url\":\"https:\/\/www.cig.gov.pt\/pacto-contra-violencia\/author\/cig\/\"}]}<\/script>\n<!-- \/ Yoast SEO plugin. -->","yoast_head_json":{"title":"\u201cN\u00e3o H\u00e1 Desculpas para a Viol\u00eancia Dom\u00e9stica\u201d \u00e9 o mote da campanha de preven\u00e7\u00e3o e combate \u00e0 Viol\u00eancia Dom\u00e9stica 2023 - Pacto Contra a Viol\u00eancia","robots":{"index":"index","follow":"follow","max-snippet":"max-snippet:-1","max-image-preview":"max-image-preview:large","max-video-preview":"max-video-preview:-1"},"canonical":"https:\/\/www.cig.gov.pt\/pacto-contra-violencia\/2023\/09\/nao-ha-desculpas-para-a-violencia-domestica-e-o-mote-da-campanha-de-prevencao-e-combate-a-violencia-domestica-2023\/","og_locale":"pt_PT","og_type":"article","og_title":"\u201cN\u00e3o H\u00e1 Desculpas para a Viol\u00eancia Dom\u00e9stica\u201d \u00e9 o mote da campanha de preven\u00e7\u00e3o e combate \u00e0 Viol\u00eancia Dom\u00e9stica 2023","og_description":"\u201cN\u00e3o H\u00e1 Desculpas para a Viol\u00eancia Dom\u00e9stica\u201d \u00e9 o mote da campanha de preven\u00e7\u00e3o e combate \u00e0 Viol\u00eancia Dom\u00e9stica 2023Em 2022 ocorreram mais de 30.000 den\u00fancias de viol\u00eancia de g\u00e9nero em Portugal. No primeiro semestre j\u00e1 foram registadas 14.863 ocorr\u00eancias pela PSP e GNR. S\u00e3o muitos rostos, muitas v\u00edtimas e v\u00e1rios agressores. S\u00e3o milhares de [&hellip;]","og_url":"https:\/\/www.cig.gov.pt\/pacto-contra-violencia\/2023\/09\/nao-ha-desculpas-para-a-violencia-domestica-e-o-mote-da-campanha-de-prevencao-e-combate-a-violencia-domestica-2023\/","og_site_name":"Pacto Contra a Viol\u00eancia","article_published_time":"2023-09-13T14:39:54+00:00","article_modified_time":"2023-09-13T14:44:50+00:00","og_image":[{"width":1200,"height":630,"url":"https:\/\/www.cig.gov.pt\/pacto-contra-violencia\/wp-content\/uploads\/2023\/09\/FeaturedCampanha.jpg","type":"image\/jpeg"}],"twitter_card":"summary_large_image","twitter_title":"\u201cN\u00e3o H\u00e1 Desculpas para a Viol\u00eancia Dom\u00e9stica\u201d \u00e9 o mote da campanha de preven\u00e7\u00e3o e combate \u00e0 Viol\u00eancia Dom\u00e9stica 2023","twitter_image":"https:\/\/www.cig.gov.pt\/pacto-contra-violencia\/wp-content\/uploads\/2023\/09\/FeaturedCampanha.jpg","twitter_misc":{"Written by":"cig","Est. reading time":"4 minutos"},"schema":{"@context":"https:\/\/schema.org","@graph":[{"@type":"WebSite","@id":"https:\/\/www.cig.gov.pt\/pacto-contra-violencia\/#website","url":"https:\/\/www.cig.gov.pt\/pacto-contra-violencia\/","name":"Pacto Contra a Viol\u00eancia","description":"","potentialAction":[{"@type":"SearchAction","target":{"@type":"EntryPoint","urlTemplate":"https:\/\/www.cig.gov.pt\/pacto-contra-violencia\/?s={search_term_string}"},"query-input":"required name=search_term_string"}],"inLanguage":"pt-PT"},{"@type":"ImageObject","@id":"https:\/\/www.cig.gov.pt\/pacto-contra-violencia\/2023\/09\/nao-ha-desculpas-para-a-violencia-domestica-e-o-mote-da-campanha-de-prevencao-e-combate-a-violencia-domestica-2023\/#primaryimage","inLanguage":"pt-PT","url":"https:\/\/www.cig.gov.pt\/pacto-contra-violencia\/wp-content\/uploads\/2023\/09\/FeaturedCampanha.jpg","contentUrl":"https:\/\/www.cig.gov.pt\/pacto-contra-violencia\/wp-content\/uploads\/2023\/09\/FeaturedCampanha.jpg","width":1200,"height":630,"caption":"\u201cN\u00e3o H\u00e1 Desculpas para a Viol\u00eancia Dom\u00e9stica\u201d \u00e9 o mote da campanha de preven\u00e7\u00e3o e combate \u00e0 Viol\u00eancia Dom\u00e9stica 2023"},{"@type":"WebPage","@id":"https:\/\/www.cig.gov.pt\/pacto-contra-violencia\/2023\/09\/nao-ha-desculpas-para-a-violencia-domestica-e-o-mote-da-campanha-de-prevencao-e-combate-a-violencia-domestica-2023\/#webpage","url":"https:\/\/www.cig.gov.pt\/pacto-contra-violencia\/2023\/09\/nao-ha-desculpas-para-a-violencia-domestica-e-o-mote-da-campanha-de-prevencao-e-combate-a-violencia-domestica-2023\/","name":"\u201cN\u00e3o H\u00e1 Desculpas para a Viol\u00eancia Dom\u00e9stica\u201d \u00e9 o mote da campanha de preven\u00e7\u00e3o e combate \u00e0 Viol\u00eancia Dom\u00e9stica 2023 - Pacto Contra a Viol\u00eancia","isPartOf":{"@id":"https:\/\/www.cig.gov.pt\/pacto-contra-violencia\/#website"},"primaryImageOfPage":{"@id":"https:\/\/www.cig.gov.pt\/pacto-contra-violencia\/2023\/09\/nao-ha-desculpas-para-a-violencia-domestica-e-o-mote-da-campanha-de-prevencao-e-combate-a-violencia-domestica-2023\/#primaryimage"},"datePublished":"2023-09-13T14:39:54+00:00","dateModified":"2023-09-13T14:44:50+00:00","author":{"@id":"https:\/\/www.cig.gov.pt\/pacto-contra-violencia\/#\/schema\/person\/714641faf3c106c71805c7c78d9a44cc"},"breadcrumb":{"@id":"https:\/\/www.cig.gov.pt\/pacto-contra-violencia\/2023\/09\/nao-ha-desculpas-para-a-violencia-domestica-e-o-mote-da-campanha-de-prevencao-e-combate-a-violencia-domestica-2023\/#breadcrumb"},"inLanguage":"pt-PT","potentialAction":[{"@type":"ReadAction","target":["https:\/\/www.cig.gov.pt\/pacto-contra-violencia\/2023\/09\/nao-ha-desculpas-para-a-violencia-domestica-e-o-mote-da-campanha-de-prevencao-e-combate-a-violencia-domestica-2023\/"]}]},{"@type":"BreadcrumbList","@id":"https:\/\/www.cig.gov.pt\/pacto-contra-violencia\/2023\/09\/nao-ha-desculpas-para-a-violencia-domestica-e-o-mote-da-campanha-de-prevencao-e-combate-a-violencia-domestica-2023\/#breadcrumb","itemListElement":[{"@type":"ListItem","position":1,"name":"Home","item":"https:\/\/www.cig.gov.pt\/pacto-contra-violencia\/"},{"@type":"ListItem","position":2,"name":"\u201cN\u00e3o H\u00e1 Desculpas para a Viol\u00eancia Dom\u00e9stica\u201d \u00e9 o mote da campanha de preven\u00e7\u00e3o e combate \u00e0 Viol\u00eancia Dom\u00e9stica 2023"}]},{"@type":"Person","@id":"https:\/\/www.cig.gov.pt\/pacto-contra-violencia\/#\/schema\/person\/714641faf3c106c71805c7c78d9a44cc","name":"cig","sameAs":["https:\/\/www.cig.gov.pt\/pacto-contra-violencia"],"url":"https:\/\/www.cig.gov.pt\/pacto-contra-violencia\/author\/cig\/"}]}},"_links":{"self":[{"href":"https:\/\/www.cig.gov.pt\/pacto-contra-violencia\/wp-json\/wp\/v2\/posts\/795"}],"collection":[{"href":"https:\/\/www.cig.gov.pt\/pacto-contra-violencia\/wp-json\/wp\/v2\/posts"}],"about":[{"href":"https:\/\/www.cig.gov.pt\/pacto-contra-violencia\/wp-json\/wp\/v2\/types\/post"}],"author":[{"embeddable":true,"href":"https:\/\/www.cig.gov.pt\/pacto-contra-violencia\/wp-json\/wp\/v2\/users\/1"}],"replies":[{"embeddable":true,"href":"https:\/\/www.cig.gov.pt\/pacto-contra-violencia\/wp-json\/wp\/v2\/comments?post=795"}],"version-history":[{"count":5,"href":"https:\/\/www.cig.gov.pt\/pacto-contra-violencia\/wp-json\/wp\/v2\/posts\/795\/revisions"}],"predecessor-version":[{"id":805,"href":"https:\/\/www.cig.gov.pt\/pacto-contra-violencia\/wp-json\/wp\/v2\/posts\/795\/revisions\/805"}],"wp:featuredmedia":[{"embeddable":true,"href":"https:\/\/www.cig.gov.pt\/pacto-contra-violencia\/wp-json\/wp\/v2\/media\/798"}],"wp:attachment":[{"href":"https:\/\/www.cig.gov.pt\/pacto-contra-violencia\/wp-json\/wp\/v2\/media?parent=795"}],"wp:term":[{"taxonomy":"category","embeddable":true,"href":"https:\/\/www.cig.gov.pt\/pacto-contra-violencia\/wp-json\/wp\/v2\/categories?post=795"},{"taxonomy":"post_tag","embeddable":true,"href":"https:\/\/www.cig.gov.pt\/pacto-contra-violencia\/wp-json\/wp\/v2\/tags?post=795"}],"curies":[{"name":"wp","href":"https:\/\/api.w.org\/{rel}","templated":true}]}}