{"id":147,"date":"2021-11-09T15:31:43","date_gmt":"2021-11-09T15:31:43","guid":{"rendered":"https:\/\/www.cig.gov.pt\/pacto-contra-violencia\/?p=147"},"modified":"2021-11-15T18:45:48","modified_gmt":"2021-11-15T18:45:48","slug":"qual-o-valor-do-gender-pay-gap-em-portugal-e-qual-a-parte-explicada-e-a-nao-explicada-do-mesmo","status":"publish","type":"post","link":"https:\/\/www.cig.gov.pt\/pacto-contra-violencia\/2021\/11\/qual-o-valor-do-gender-pay-gap-em-portugal-e-qual-a-parte-explicada-e-a-nao-explicada-do-mesmo\/","title":{"rendered":"O \u00abGui\u00e3o de Boas Pr\u00e1ticas de Preven\u00e7\u00e3o e Combate \u00e0 Viol\u00eancia Dom\u00e9stica e de G\u00e9nero nas Empresas\u00bb est\u00e1 dispon\u00edvel em formato digital no website da CIG"},"content":{"rendered":"<p>Esta edi\u00e7\u00e3o da CIG resulta do estudo coordenado por Madalena Duarte do Centro de Estudos Sociais da Universidade de Coimbra, cujos autores s\u00e3o Ana Oliveira, Lina Coelho, Paula Fernando, Rosa Monteiro e Virg\u00ednia Ferreira.<\/p>\n<p>O Gui\u00e3o \u00e9 composto por duas publica\u00e7\u00f5es que pode baixar aqui:<\/p>\n<ul>\n<li><a href=\"https:\/\/www.cig.gov.pt\/wp-content\/uploads\/2019\/11\/Pdf-1.pdf\" target=\"_blank\" rel=\"noopener\">Preven\u00e7\u00e3o e Combate \u00e0 Viol\u00eancia Contra as Mulheres e \u00e0 Viol\u00eancia Dom\u00e9stica nas Entidades Empregadoras (Estudo)<\/a><\/li>\n<li><a href=\"https:\/\/www.cig.gov.pt\/wp-content\/uploads\/2019\/11\/Pdf-2.pdf\" target=\"_blank\" rel=\"noopener\">Gui\u00e3o de Boas Pr\u00e1ticas<\/a><\/li>\n<\/ul>\n","protected":false},"excerpt":{"rendered":"<p>Esta edi\u00e7\u00e3o da CIG resulta do estudo coordenado por Madalena Duarte do Centro de Estudos Sociais da Universidade de Coimbra, cujos autores s\u00e3o Ana Oliveira, Lina Coelho, Paula Fernando, Rosa Monteiro e Virg\u00ednia Ferreira. O Gui\u00e3o \u00e9 composto por duas publica\u00e7\u00f5es que pode baixar aqui: Preven\u00e7\u00e3o e Combate \u00e0 Viol\u00eancia Contra as Mulheres e \u00e0 [&hellip;]<\/p>\n","protected":false},"author":1,"featured_media":373,"comment_status":"closed","ping_status":"closed","sticky":false,"template":"","format":"standard","meta":{"_et_pb_use_builder":"","_et_pb_old_content":"","_et_gb_content_width":""},"categories":[1],"tags":[],"yoast_head":"<!-- This site is optimized with the Yoast SEO plugin v17.5 - https:\/\/yoast.com\/wordpress\/plugins\/seo\/ -->\n<title>O \u00abGui\u00e3o de Boas Pr\u00e1ticas de Preven\u00e7\u00e3o e Combate \u00e0 Viol\u00eancia Dom\u00e9stica e de G\u00e9nero nas Empresas\u00bb est\u00e1 dispon\u00edvel em formato digital no website da CIG - Pacto Contra a Viol\u00eancia<\/title>\n<meta name=\"robots\" content=\"index, follow, max-snippet:-1, max-image-preview:large, max-video-preview:-1\" \/>\n<link rel=\"canonical\" href=\"https:\/\/www.cig.gov.pt\/pacto-contra-violencia\/2021\/11\/qual-o-valor-do-gender-pay-gap-em-portugal-e-qual-a-parte-explicada-e-a-nao-explicada-do-mesmo\/\" \/>\n<meta property=\"og:locale\" content=\"pt_PT\" \/>\n<meta property=\"og:type\" content=\"article\" \/>\n<meta property=\"og:title\" content=\"O \u00abGui\u00e3o de Boas Pr\u00e1ticas de Preven\u00e7\u00e3o e Combate \u00e0 Viol\u00eancia Dom\u00e9stica e de G\u00e9nero nas Empresas\u00bb est\u00e1 dispon\u00edvel em formato digital no website da CIG\" \/>\n<meta property=\"og:description\" content=\"Esta edi\u00e7\u00e3o da CIG resulta do estudo coordenado por Madalena Duarte do Centro de Estudos Sociais da Universidade de Coimbra, cujos autores s\u00e3o Ana Oliveira, Lina Coelho, Paula Fernando, Rosa Monteiro e Virg\u00ednia Ferreira. O Gui\u00e3o \u00e9 composto por duas publica\u00e7\u00f5es que pode baixar aqui: Preven\u00e7\u00e3o e Combate \u00e0 Viol\u00eancia Contra as Mulheres e \u00e0 [&hellip;]\" \/>\n<meta property=\"og:url\" content=\"https:\/\/www.cig.gov.pt\/pacto-contra-violencia\/2021\/11\/qual-o-valor-do-gender-pay-gap-em-portugal-e-qual-a-parte-explicada-e-a-nao-explicada-do-mesmo\/\" \/>\n<meta property=\"og:site_name\" content=\"Pacto Contra a Viol\u00eancia\" \/>\n<meta property=\"article:published_time\" content=\"2021-11-09T15:31:43+00:00\" \/>\n<meta property=\"article:modified_time\" content=\"2021-11-15T18:45:48+00:00\" \/>\n<meta property=\"og:image\" content=\"https:\/\/www.cig.gov.pt\/pacto-contra-violencia\/wp-content\/uploads\/2021\/11\/image003.jpg\" \/>\n\t<meta property=\"og:image:width\" content=\"795\" \/>\n\t<meta property=\"og:image:height\" content=\"409\" \/>\n<meta name=\"twitter:card\" content=\"summary_large_image\" \/>\n<meta name=\"twitter:title\" content=\"O \u00abGui\u00e3o de Boas Pr\u00e1ticas de Preven\u00e7\u00e3o e Combate \u00e0 Viol\u00eancia Dom\u00e9stica e de G\u00e9nero nas Empresas\u00bb est\u00e1 dispon\u00edvel em formato digital no website da CIG\" \/>\n<meta name=\"twitter:image\" content=\"https:\/\/www.cig.gov.pt\/pacto-contra-violencia\/wp-content\/uploads\/2021\/11\/image003.jpg\" \/>\n<meta name=\"twitter:label1\" content=\"Written by\" \/>\n\t<meta name=\"twitter:data1\" content=\"cig\" \/>\n\t<meta name=\"twitter:label2\" content=\"Est. reading time\" \/>\n\t<meta name=\"twitter:data2\" content=\"1 minuto\" \/>\n<script type=\"application\/ld+json\" class=\"yoast-schema-graph\">{\"@context\":\"https:\/\/schema.org\",\"@graph\":[{\"@type\":\"WebSite\",\"@id\":\"https:\/\/www.cig.gov.pt\/pacto-contra-violencia\/#website\",\"url\":\"https:\/\/www.cig.gov.pt\/pacto-contra-violencia\/\",\"name\":\"Pacto Contra a Viol\\u00eancia\",\"description\":\"\",\"potentialAction\":[{\"@type\":\"SearchAction\",\"target\":{\"@type\":\"EntryPoint\",\"urlTemplate\":\"https:\/\/www.cig.gov.pt\/pacto-contra-violencia\/?s={search_term_string}\"},\"query-input\":\"required name=search_term_string\"}],\"inLanguage\":\"pt-PT\"},{\"@type\":\"ImageObject\",\"@id\":\"https:\/\/www.cig.gov.pt\/pacto-contra-violencia\/2021\/11\/qual-o-valor-do-gender-pay-gap-em-portugal-e-qual-a-parte-explicada-e-a-nao-explicada-do-mesmo\/#primaryimage\",\"inLanguage\":\"pt-PT\",\"url\":\"https:\/\/www.cig.gov.pt\/pacto-contra-violencia\/wp-content\/uploads\/2021\/11\/image003.jpg\",\"contentUrl\":\"https:\/\/www.cig.gov.pt\/pacto-contra-violencia\/wp-content\/uploads\/2021\/11\/image003.jpg\",\"width\":795,\"height\":409,\"caption\":\"I F\\u00f3rum Portugal Contra a Viol\\u00eancia | 17 e 18 de novembro\"},{\"@type\":\"WebPage\",\"@id\":\"https:\/\/www.cig.gov.pt\/pacto-contra-violencia\/2021\/11\/qual-o-valor-do-gender-pay-gap-em-portugal-e-qual-a-parte-explicada-e-a-nao-explicada-do-mesmo\/#webpage\",\"url\":\"https:\/\/www.cig.gov.pt\/pacto-contra-violencia\/2021\/11\/qual-o-valor-do-gender-pay-gap-em-portugal-e-qual-a-parte-explicada-e-a-nao-explicada-do-mesmo\/\",\"name\":\"O \\u00abGui\\u00e3o de Boas Pr\\u00e1ticas de Preven\\u00e7\\u00e3o e Combate \\u00e0 Viol\\u00eancia Dom\\u00e9stica e de G\\u00e9nero nas Empresas\\u00bb est\\u00e1 dispon\\u00edvel em formato digital no website da CIG - Pacto Contra a Viol\\u00eancia\",\"isPartOf\":{\"@id\":\"https:\/\/www.cig.gov.pt\/pacto-contra-violencia\/#website\"},\"primaryImageOfPage\":{\"@id\":\"https:\/\/www.cig.gov.pt\/pacto-contra-violencia\/2021\/11\/qual-o-valor-do-gender-pay-gap-em-portugal-e-qual-a-parte-explicada-e-a-nao-explicada-do-mesmo\/#primaryimage\"},\"datePublished\":\"2021-11-09T15:31:43+00:00\",\"dateModified\":\"2021-11-15T18:45:48+00:00\",\"author\":{\"@id\":\"https:\/\/www.cig.gov.pt\/pacto-contra-violencia\/#\/schema\/person\/714641faf3c106c71805c7c78d9a44cc\"},\"breadcrumb\":{\"@id\":\"https:\/\/www.cig.gov.pt\/pacto-contra-violencia\/2021\/11\/qual-o-valor-do-gender-pay-gap-em-portugal-e-qual-a-parte-explicada-e-a-nao-explicada-do-mesmo\/#breadcrumb\"},\"inLanguage\":\"pt-PT\",\"potentialAction\":[{\"@type\":\"ReadAction\",\"target\":[\"https:\/\/www.cig.gov.pt\/pacto-contra-violencia\/2021\/11\/qual-o-valor-do-gender-pay-gap-em-portugal-e-qual-a-parte-explicada-e-a-nao-explicada-do-mesmo\/\"]}]},{\"@type\":\"BreadcrumbList\",\"@id\":\"https:\/\/www.cig.gov.pt\/pacto-contra-violencia\/2021\/11\/qual-o-valor-do-gender-pay-gap-em-portugal-e-qual-a-parte-explicada-e-a-nao-explicada-do-mesmo\/#breadcrumb\",\"itemListElement\":[{\"@type\":\"ListItem\",\"position\":1,\"name\":\"Home\",\"item\":\"https:\/\/www.cig.gov.pt\/pacto-contra-violencia\/\"},{\"@type\":\"ListItem\",\"position\":2,\"name\":\"O \\u00abGui\\u00e3o de Boas Pr\\u00e1ticas de Preven\\u00e7\\u00e3o e Combate \\u00e0 Viol\\u00eancia Dom\\u00e9stica e de G\\u00e9nero nas Empresas\\u00bb est\\u00e1 dispon\\u00edvel em formato digital no website da CIG\"}]},{\"@type\":\"Person\",\"@id\":\"https:\/\/www.cig.gov.pt\/pacto-contra-violencia\/#\/schema\/person\/714641faf3c106c71805c7c78d9a44cc\",\"name\":\"cig\",\"sameAs\":[\"https:\/\/www.cig.gov.pt\/pacto-contra-violencia\"],\"url\":\"https:\/\/www.cig.gov.pt\/pacto-contra-violencia\/author\/cig\/\"}]}<\/script>\n<!-- \/ Yoast SEO plugin. -->","yoast_head_json":{"title":"O \u00abGui\u00e3o de Boas Pr\u00e1ticas de Preven\u00e7\u00e3o e Combate \u00e0 Viol\u00eancia Dom\u00e9stica e de G\u00e9nero nas Empresas\u00bb est\u00e1 dispon\u00edvel em formato digital no website da CIG - Pacto Contra a Viol\u00eancia","robots":{"index":"index","follow":"follow","max-snippet":"max-snippet:-1","max-image-preview":"max-image-preview:large","max-video-preview":"max-video-preview:-1"},"canonical":"https:\/\/www.cig.gov.pt\/pacto-contra-violencia\/2021\/11\/qual-o-valor-do-gender-pay-gap-em-portugal-e-qual-a-parte-explicada-e-a-nao-explicada-do-mesmo\/","og_locale":"pt_PT","og_type":"article","og_title":"O \u00abGui\u00e3o de Boas Pr\u00e1ticas de Preven\u00e7\u00e3o e Combate \u00e0 Viol\u00eancia Dom\u00e9stica e de G\u00e9nero nas Empresas\u00bb est\u00e1 dispon\u00edvel em formato digital no website da CIG","og_description":"Esta edi\u00e7\u00e3o da CIG resulta do estudo coordenado por Madalena Duarte do Centro de Estudos Sociais da Universidade de Coimbra, cujos autores s\u00e3o Ana Oliveira, Lina Coelho, Paula Fernando, Rosa Monteiro e Virg\u00ednia Ferreira. O Gui\u00e3o \u00e9 composto por duas publica\u00e7\u00f5es que pode baixar aqui: Preven\u00e7\u00e3o e Combate \u00e0 Viol\u00eancia Contra as Mulheres e \u00e0 [&hellip;]","og_url":"https:\/\/www.cig.gov.pt\/pacto-contra-violencia\/2021\/11\/qual-o-valor-do-gender-pay-gap-em-portugal-e-qual-a-parte-explicada-e-a-nao-explicada-do-mesmo\/","og_site_name":"Pacto Contra a Viol\u00eancia","article_published_time":"2021-11-09T15:31:43+00:00","article_modified_time":"2021-11-15T18:45:48+00:00","og_image":[{"width":795,"height":409,"url":"https:\/\/www.cig.gov.pt\/pacto-contra-violencia\/wp-content\/uploads\/2021\/11\/image003.jpg","type":"image\/jpeg"}],"twitter_card":"summary_large_image","twitter_title":"O \u00abGui\u00e3o de Boas Pr\u00e1ticas de Preven\u00e7\u00e3o e Combate \u00e0 Viol\u00eancia Dom\u00e9stica e de G\u00e9nero nas Empresas\u00bb est\u00e1 dispon\u00edvel em formato digital no website da CIG","twitter_image":"https:\/\/www.cig.gov.pt\/pacto-contra-violencia\/wp-content\/uploads\/2021\/11\/image003.jpg","twitter_misc":{"Written by":"cig","Est. reading time":"1 minuto"},"schema":{"@context":"https:\/\/schema.org","@graph":[{"@type":"WebSite","@id":"https:\/\/www.cig.gov.pt\/pacto-contra-violencia\/#website","url":"https:\/\/www.cig.gov.pt\/pacto-contra-violencia\/","name":"Pacto Contra a Viol\u00eancia","description":"","potentialAction":[{"@type":"SearchAction","target":{"@type":"EntryPoint","urlTemplate":"https:\/\/www.cig.gov.pt\/pacto-contra-violencia\/?s={search_term_string}"},"query-input":"required name=search_term_string"}],"inLanguage":"pt-PT"},{"@type":"ImageObject","@id":"https:\/\/www.cig.gov.pt\/pacto-contra-violencia\/2021\/11\/qual-o-valor-do-gender-pay-gap-em-portugal-e-qual-a-parte-explicada-e-a-nao-explicada-do-mesmo\/#primaryimage","inLanguage":"pt-PT","url":"https:\/\/www.cig.gov.pt\/pacto-contra-violencia\/wp-content\/uploads\/2021\/11\/image003.jpg","contentUrl":"https:\/\/www.cig.gov.pt\/pacto-contra-violencia\/wp-content\/uploads\/2021\/11\/image003.jpg","width":795,"height":409,"caption":"I F\u00f3rum Portugal Contra a Viol\u00eancia | 17 e 18 de novembro"},{"@type":"WebPage","@id":"https:\/\/www.cig.gov.pt\/pacto-contra-violencia\/2021\/11\/qual-o-valor-do-gender-pay-gap-em-portugal-e-qual-a-parte-explicada-e-a-nao-explicada-do-mesmo\/#webpage","url":"https:\/\/www.cig.gov.pt\/pacto-contra-violencia\/2021\/11\/qual-o-valor-do-gender-pay-gap-em-portugal-e-qual-a-parte-explicada-e-a-nao-explicada-do-mesmo\/","name":"O \u00abGui\u00e3o de Boas Pr\u00e1ticas de Preven\u00e7\u00e3o e Combate \u00e0 Viol\u00eancia Dom\u00e9stica e de G\u00e9nero nas Empresas\u00bb est\u00e1 dispon\u00edvel em formato digital no website da CIG - Pacto Contra a Viol\u00eancia","isPartOf":{"@id":"https:\/\/www.cig.gov.pt\/pacto-contra-violencia\/#website"},"primaryImageOfPage":{"@id":"https:\/\/www.cig.gov.pt\/pacto-contra-violencia\/2021\/11\/qual-o-valor-do-gender-pay-gap-em-portugal-e-qual-a-parte-explicada-e-a-nao-explicada-do-mesmo\/#primaryimage"},"datePublished":"2021-11-09T15:31:43+00:00","dateModified":"2021-11-15T18:45:48+00:00","author":{"@id":"https:\/\/www.cig.gov.pt\/pacto-contra-violencia\/#\/schema\/person\/714641faf3c106c71805c7c78d9a44cc"},"breadcrumb":{"@id":"https:\/\/www.cig.gov.pt\/pacto-contra-violencia\/2021\/11\/qual-o-valor-do-gender-pay-gap-em-portugal-e-qual-a-parte-explicada-e-a-nao-explicada-do-mesmo\/#breadcrumb"},"inLanguage":"pt-PT","potentialAction":[{"@type":"ReadAction","target":["https:\/\/www.cig.gov.pt\/pacto-contra-violencia\/2021\/11\/qual-o-valor-do-gender-pay-gap-em-portugal-e-qual-a-parte-explicada-e-a-nao-explicada-do-mesmo\/"]}]},{"@type":"BreadcrumbList","@id":"https:\/\/www.cig.gov.pt\/pacto-contra-violencia\/2021\/11\/qual-o-valor-do-gender-pay-gap-em-portugal-e-qual-a-parte-explicada-e-a-nao-explicada-do-mesmo\/#breadcrumb","itemListElement":[{"@type":"ListItem","position":1,"name":"Home","item":"https:\/\/www.cig.gov.pt\/pacto-contra-violencia\/"},{"@type":"ListItem","position":2,"name":"O \u00abGui\u00e3o de Boas Pr\u00e1ticas de Preven\u00e7\u00e3o e Combate \u00e0 Viol\u00eancia Dom\u00e9stica e de G\u00e9nero nas Empresas\u00bb est\u00e1 dispon\u00edvel em formato digital no website da CIG"}]},{"@type":"Person","@id":"https:\/\/www.cig.gov.pt\/pacto-contra-violencia\/#\/schema\/person\/714641faf3c106c71805c7c78d9a44cc","name":"cig","sameAs":["https:\/\/www.cig.gov.pt\/pacto-contra-violencia"],"url":"https:\/\/www.cig.gov.pt\/pacto-contra-violencia\/author\/cig\/"}]}},"_links":{"self":[{"href":"https:\/\/www.cig.gov.pt\/pacto-contra-violencia\/wp-json\/wp\/v2\/posts\/147"}],"collection":[{"href":"https:\/\/www.cig.gov.pt\/pacto-contra-violencia\/wp-json\/wp\/v2\/posts"}],"about":[{"href":"https:\/\/www.cig.gov.pt\/pacto-contra-violencia\/wp-json\/wp\/v2\/types\/post"}],"author":[{"embeddable":true,"href":"https:\/\/www.cig.gov.pt\/pacto-contra-violencia\/wp-json\/wp\/v2\/users\/1"}],"replies":[{"embeddable":true,"href":"https:\/\/www.cig.gov.pt\/pacto-contra-violencia\/wp-json\/wp\/v2\/comments?post=147"}],"version-history":[{"count":3,"href":"https:\/\/www.cig.gov.pt\/pacto-contra-violencia\/wp-json\/wp\/v2\/posts\/147\/revisions"}],"predecessor-version":[{"id":375,"href":"https:\/\/www.cig.gov.pt\/pacto-contra-violencia\/wp-json\/wp\/v2\/posts\/147\/revisions\/375"}],"wp:featuredmedia":[{"embeddable":true,"href":"https:\/\/www.cig.gov.pt\/pacto-contra-violencia\/wp-json\/wp\/v2\/media\/373"}],"wp:attachment":[{"href":"https:\/\/www.cig.gov.pt\/pacto-contra-violencia\/wp-json\/wp\/v2\/media?parent=147"}],"wp:term":[{"taxonomy":"category","embeddable":true,"href":"https:\/\/www.cig.gov.pt\/pacto-contra-violencia\/wp-json\/wp\/v2\/categories?post=147"},{"taxonomy":"post_tag","embeddable":true,"href":"https:\/\/www.cig.gov.pt\/pacto-contra-violencia\/wp-json\/wp\/v2\/tags?post=147"}],"curies":[{"name":"wp","href":"https:\/\/api.w.org\/{rel}","templated":true}]}}